{"id":968,"date":"2010-04-27T21:21:37","date_gmt":"2010-04-27T18:21:37","guid":{"rendered":"http:\/\/yeti.albascout.ro\/blog\/?p=968"},"modified":"2010-04-27T21:21:37","modified_gmt":"2010-04-27T18:21:37","slug":"cu-bicicleta-prin-herastrau","status":"publish","type":"post","link":"https:\/\/yeti.albascout.ro\/blog\/cu-bicicleta-prin-herastrau\/","title":{"rendered":"Cu bicicleta prin Her\u0103str\u0103u"},"content":{"rendered":"<p>A trecut aproape o lun\u0103 de c\u00e2nd n-am mai scris aici. Nu-i bine. M\u0103 ceart\u0103 lumea c\u0103 nu au ce s\u0103 citeasc\u0103. A\u0219a ca revin cu aventuri, \u00eencep\u00e2nd cu cele din urm\u0103, pentru c\u0103 am fost prin tot felul de locuri \u00een ultima lun\u0103.<\/p>\n<p>Primul pe list\u0103, joia dinainte de vacan\u021ba de Pa\u0219te am scos bicicleta \u00een prima tur\u0103 de pl\u0103cere de c\u00e2nd am cump\u0103rat-o, prin Her\u0103str\u0103u, cu Miha, Ioana, Diana Eugen \u0219i Pisi (care este un tip, nu o tip\u0103 &#8230;). Am prins o super vreme, pe apusul soarelui, \u0219i dup\u0103 mai multe peripe\u021bii pe traseul Ci\u0219migiu &#8211; Her\u0103str\u0103u ne-am bucurat de un ocol al Lacului Her\u0103str\u0103u.<\/p>\n<p>M-am sim\u021bit foarte bine s\u0103-mi aduc aminte c\u0103 sunt \u0219i locuri frumoase \u00een Bucure\u0219ti \u0219i c\u0103, cu <em>calul<\/em> la dispozi\u021bie<em> <\/em>po\u021bi s\u0103 dai lini\u0219tit o tur\u0103 \u00een lini\u0219tea din Her\u0103str\u0103u. Am f\u0103cut \u0219i <em>downhill <\/em>pe panta de cobor\u00e2re de la calea ferat\u0103, ne-am dus \u0219i pe iarb\u0103, \u0219i pe asfalt, am cobor\u00e2t \u0219i sc\u0103ri, am f\u0103cut de toate.<\/p>\n<p>Fetele au \u00eenchiriat biciclete de la un centru de l\u00e2ng\u0103 sediul B\u0103ncii Carpatica, la una din ie\u0219irile dinspre Sala Palatului a Ci\u0219migiului. Pre\u021bul a fost foarte ok \u0219i b\u0103iatul de acolo ne-a a\u0219teptat chiar dac\u0103 am \u00eent\u00e2rziat pu\u021bin peste programul lor de lucru. Dac\u0103 \u0219tie cineva cum se numesc \u0219i dac\u0103 au un site, v\u0103 rog s\u0103 comenta\u021bi cu un nume sau un site, s\u0103 le facem reclam\u0103 la oameni c\u0103 au fost de treab\u0103 :)<\/p>\n<figure id=\"attachment_969\" aria-describedby=\"caption-attachment-969\" style=\"width: 300px\" class=\"wp-caption alignnone\"><a href=\"http:\/\/yeti.albascout.ro\/blog\/wp-content\/uploads\/2010\/04\/dscn3886.jpg\"><img loading=\"lazy\" decoding=\"async\" class=\"size-medium wp-image-969\" title=\"dscn3886\" src=\"http:\/\/yeti.albascout.ro\/blog\/wp-content\/uploads\/2010\/04\/dscn3886-300x168.jpg\" alt=\"\" width=\"300\" height=\"168\" \/><\/a><figcaption id=\"caption-attachment-969\" class=\"wp-caption-text\">C\u0103lare pe cai<\/figcaption><\/figure>\n<figure id=\"attachment_970\" aria-describedby=\"caption-attachment-970\" style=\"width: 300px\" class=\"wp-caption alignnone\"><a href=\"http:\/\/yeti.albascout.ro\/blog\/wp-content\/uploads\/2010\/04\/dscn3890.jpg\"><img loading=\"lazy\" decoding=\"async\" class=\"size-medium wp-image-970\" title=\"dscn3890\" src=\"http:\/\/yeti.albascout.ro\/blog\/wp-content\/uploads\/2010\/04\/dscn3890-300x168.jpg\" alt=\"\" width=\"300\" height=\"168\" \/><\/a><figcaption id=\"caption-attachment-970\" class=\"wp-caption-text\">Apus \u00een Her\u0103str\u0103u<\/figcaption><\/figure>\n","protected":false},"excerpt":{"rendered":"<p>A trecut aproape o lun\u0103 de c\u00e2nd n-am mai scris aici. Nu-i bine. M\u0103 ceart\u0103 lumea c\u0103 nu au ce s\u0103 citeasc\u0103. A\u0219a ca revin cu aventuri, \u00eencep\u00e2nd cu cele din urm\u0103, pentru c\u0103 am fost prin tot felul de locuri \u00een ultima lun\u0103. Primul pe list\u0103, joia dinainte de vacan\u021ba de Pa\u0219te am scos &hellip; <a href=\"https:\/\/yeti.albascout.ro\/blog\/cu-bicicleta-prin-herastrau\/\" class=\"more-link\">Continu\u0103 s\u0103 cite\u0219ti <span class=\"screen-reader-text\">Cu bicicleta prin Her\u0103str\u0103u<\/span><\/a><\/p>\n","protected":false},"author":1,"featured_media":0,"comment_status":"open","ping_status":"open","sticky":false,"template":"","format":"standard","meta":{"jetpack_post_was_ever_published":false,"_jetpack_newsletter_access":"","_jetpack_dont_email_post_to_subs":false,"_jetpack_newsletter_tier_id":0,"_jetpack_memberships_contains_paywalled_content":false,"_jetpack_memberships_contains_paid_content":false,"footnotes":""},"categories":[556,558],"tags":[573,580],"class_list":["post-968","post","type-post","status-publish","format-standard","hentry","category-cercetasi","category-gramada","tag-bicicleta","tag-bucureti"],"jetpack_featured_media_url":"","jetpack_sharing_enabled":true,"_links":{"self":[{"href":"https:\/\/yeti.albascout.ro\/blog\/wp-json\/wp\/v2\/posts\/968","targetHints":{"allow":["GET"]}}],"collection":[{"href":"https:\/\/yeti.albascout.ro\/blog\/wp-json\/wp\/v2\/posts"}],"about":[{"href":"https:\/\/yeti.albascout.ro\/blog\/wp-json\/wp\/v2\/types\/post"}],"author":[{"embeddable":true,"href":"https:\/\/yeti.albascout.ro\/blog\/wp-json\/wp\/v2\/users\/1"}],"replies":[{"embeddable":true,"href":"https:\/\/yeti.albascout.ro\/blog\/wp-json\/wp\/v2\/comments?post=968"}],"version-history":[{"count":0,"href":"https:\/\/yeti.albascout.ro\/blog\/wp-json\/wp\/v2\/posts\/968\/revisions"}],"wp:attachment":[{"href":"https:\/\/yeti.albascout.ro\/blog\/wp-json\/wp\/v2\/media?parent=968"}],"wp:term":[{"taxonomy":"category","embeddable":true,"href":"https:\/\/yeti.albascout.ro\/blog\/wp-json\/wp\/v2\/categories?post=968"},{"taxonomy":"post_tag","embeddable":true,"href":"https:\/\/yeti.albascout.ro\/blog\/wp-json\/wp\/v2\/tags?post=968"}],"curies":[{"name":"wp","href":"https:\/\/api.w.org\/{rel}","templated":true}]}}