{"id":9125,"date":"2024-03-03T23:32:16","date_gmt":"2024-03-03T21:32:16","guid":{"rendered":"https:\/\/yeti.albascout.ro\/blog\/?p=9125"},"modified":"2024-03-11T00:46:34","modified_gmt":"2024-03-10T22:46:34","slug":"caut-echipa-cu-care-sa-facem-urmatorul-pas-pentru-cercetasie","status":"publish","type":"post","link":"https:\/\/yeti.albascout.ro\/blog\/caut-echipa-cu-care-sa-facem-urmatorul-pas-pentru-cercetasie\/","title":{"rendered":"Caut echip\u0103 cu care s\u0103 facem urm\u0103torul pas pentru cercet\u0103\u0219ie"},"content":{"rendered":"\n<p>Nu-mi vine s\u0103 cred c\u0103 au trecut deja aproape trei ani de c\u00e2nd mi-am \u00eencheiat mandatul de pre\u0219edinte al ONCR. Ajuns la limita de dou\u0103 mandate consecutive definit\u0103 de regulile democra\u021biei noastre, am predat atunci proiectele \u0219i luuuuunga list\u0103 de idei noului Consiliu \u0219i am continuat s\u0103 servesc cercet\u0103\u0219ia din alte roluri locale \u0219i na\u021bionale. Dar, oric\u00e2t am \u00eencercat s\u0103 m\u0103 conving de contrariu, n-am sim\u021bit c\u0103 mi-am \u00eencheiat misiunea \u00een cercet\u0103\u0219ia na\u021bional\u0103.<\/p>\n\n\n\n<p>\u00cen dou\u0103 luni, pe 20 aprilie, cerceta\u0219ii vor fi chema\u021bi s\u0103 voteze o nou\u0103 Viziune pentru cercet\u0103\u0219ia din Rom\u00e2nia \u0219i un nou Consiliu Director care s\u0103 ne coordoneze pe to\u021bi \u00een direc\u021bia ei.<\/p>\n\n\n\n<p>Pentru c\u0103 cred c\u0103 <strong>cercet\u0103\u0219ia continu\u0103 s\u0103 aib\u0103 un poten\u021bial fantastic \u00een Rom\u00e2nia<\/strong>, <strong>\u00eemi propun ca \u00een aprilie, la Adunarea General\u0103, s\u0103 cer sus\u021binerea cerceta\u0219ilor pentru a conduce aceast\u0103 nou\u0103 echip\u0103<\/strong>.<\/p>\n\n\n\n<!--more-->\n\n\n\n<p>Am decis s\u0103 scriu articolul \u0103sta cu dorin\u021ba de a porni o discu\u021bie despre alegeri, candidaturi \u0219i viitorul cercet\u0103\u0219iei \u0219i pentru <strong>a-i \u00eencuraja pe cei care se g\u00e2ndesc s\u0103 candideze s\u0103 fac\u0103 \u0219i ei un pas \u00een fa\u021b\u0103!<\/strong><\/p>\n\n\n\n<p>Am o gr\u0103mad\u0103 de proiecte, de idei \u0219i de moduri de lucru pe care vreau s\u0103 le (re-)aduc la nivel na\u021bional, dar mesajul \u0103sta nu este despre asta. Nici despre experien\u021ba mea \u00een cercet\u0103\u0219ie sau despre motivele pentru care a\u0219 fi potrivit pentru pozi\u021bia asta. <\/p>\n\n\n\n<p>Azi vreau s\u0103 v\u0103 propun <strong>cinci principii cheie <\/strong>pentru cercet\u0103\u0219ie \u00een baza c\u0103rora a\u0219 vrea s\u0103 invit to\u021bi cerceta\u0219ii la o discu\u021bie deschis\u0103 despre solu\u021bii concrete, \u00een cadrul Viziunii 2029 \u0219i a Planului Trienal pe care Consiliul Director curent ni-l va propune \u00een aprilie:<\/p>\n\n\n\n<ul class=\"wp-block-list\">\n<li><strong>Mi\u0219carea cercet\u0103\u0219easc\u0103 este a tinerilor, vibe-ul, implicarea \u0219i entuziasmul lor sunt motorul cercet\u0103\u0219iei<\/strong>. Tinerii trebuie sus\u021binu\u021bi \u0219i \u00eencuraja\u021bi \u0219i e musai s\u0103 aib\u0103 loc de noi, cei care suntem mai pu\u021bin tineri, \u0219i de ideile noastre, la toate nivelurile organiza\u021biei, \u00een toate etapele de ini\u021biativ\u0103 \u0219i decizie. Organiza\u021bia nu pare acum preg\u0103tit\u0103 cu un sistem care s\u0103 permit\u0103 asta \u00eentr-un mod sigur \u0219i constructiv pentru tineri, a\u0219a c\u0103 rolul nostru va fi unul de ghidare, \u00een timp ce \u00een paralel \u0219i al\u0103turi de tineri s\u0103 construim un sistem care s\u0103 le permit\u0103 s\u0103 fie cu adev\u0103rat implica\u021bi la toate nivelurile. Misiunea noastr\u0103, a celorlal\u021bi, este s\u0103 le cre\u0103m tinerilor spa\u021biul \u00een care s\u0103 se desf\u0103\u0219oare.<\/li>\n\n\n\n<li>Cercet\u0103\u0219ia are poten\u021bialul s\u0103 fac\u0103 o <strong>schimbare semnificativ\u0103 <\/strong>\u00een bine <strong>\u00een societatea rom\u00e2neasc\u0103<\/strong>. F\u0103r\u0103 s\u0103 minimiz\u0103m impactul pozitiv pe care \u00eel avem acum \u00een societate, exist\u0103 nu doar poten\u021bialul, ci \u0219i nevoia unei <strong>cre\u0219teri reale de 10x <\/strong>\u00een urm\u0103torii 10 ani, \u0219i e datoria noastr\u0103 s\u0103 acceler\u0103m procesul \u0103sta.<\/li>\n\n\n\n<li>Cre\u0219terea nu poate fi produs\u0103 dec\u00e2t printr-un <strong>program cercet\u0103\u0219esc<\/strong> coerent, na\u021bional, accesibil \u0219i care poate fi aplicat cu resursele pe care le putem atrage la nivel local, regional \u0219i na\u021bional, program pe care s\u0103 \u00eel \u00een\u021belegem \u0219i \u00een slujba c\u0103ruia s\u0103 ne punem. Existen\u021ba <strong>\u0219i implementarea generalizat\u0103 <\/strong>a<strong> <\/strong>unui program cercet\u0103\u0219esc este <strong>aspectul cheie, central<\/strong>, al poten\u021bialei noastre dezvolt\u0103ri. Este acel lucru care ne d\u0103 direc\u021bia, motiva\u021bia, rezilien\u021ba, unitatea \u0219i relevan\u021ba pe care le c\u0103ut\u0103m, \u0219i <strong>\u00een lipsa lui dezvoltarea <\/strong>real\u0103 pur \u0219i simplu <strong>nu este posibil\u0103<\/strong>.<\/li>\n\n\n\n<li><strong>Fiecare or\u0103 de voluntariat e valoroas\u0103 \u0219i trebuie valorificat\u0103  <\/strong>&#8211; sunt recunosc\u0103tor pentru fiecare voluntar care investe\u0219te suflet \u0219i timp \u00een cercet\u0103\u0219ie \u0219i ne trebuie un <strong>sistem eficient<\/strong> prin care s\u0103 ne asigur\u0103m c\u0103 fiecare voluntar contribuie la lucrurile la care se pricepe, doar at\u00e2t c\u00e2t se simte confortabil s\u0103 o fac\u0103, dar \u0219i c\u0103 contribu\u021bia pe care o aduce <strong>are impact real, duce la rezultate \u0219i ajut\u0103 concret<\/strong>, \u00een a\u0219a fel \u00eenc\u00e2t voluntarii s\u0103 fie motiva\u021bi s\u0103 continue s\u0103 contribuie &#8211; la orice nivel.<\/li>\n\n\n\n<li>Avem nevoie <strong>de o structur\u0103 organiza\u021bional\u0103 mai flexibil\u0103 <\/strong>\u0219i de un nivel local mai implicat, \u00een care Centrele Locale \/ nivelul local s\u0103 fie sprijinite pentru a fi un actor principal nu doar \u00een propria dezvoltare, ci \u0219i \u00een dezvoltarea cercet\u0103\u0219iei la nivel regional \u0219i la nivel local. O organiza\u021bie na\u021bional\u0103 de la care to\u021bi a\u0219tept\u0103m c\u00e2te <em>ceva<\/em>, dar care supravie\u021buie\u0219te doar din \u00eenc\u0103p\u0103\u021b\u00e2narea c\u00e2torva oameni r\u0103zle\u021bi nu poate fi calea c\u0103tre succes. Trebuie s\u0103 g\u0103sim o form\u0103 \u00een care noi, ca nivel local s\u0103 investim \u0219i s\u0103 fim investi\u021bi constructiv, consecvent \u0219i structural \u00een organiza\u021bia noastr\u0103.<\/li>\n<\/ul>\n\n\n\n<p>Este posibil ca unele din lucrurile astea s\u0103 rezoneze cu unii dintre voi \u0219i unele, dimpotriv\u0103, s\u0103 v\u0103 st\u00e2rneasc\u0103 emo\u021bii negative. Este la fel de posibil s\u0103 considera\u021bi c\u0103 ideile \/ proiectele voastre nu sunt reprezentate aici &#8211; de-astea le-am scris &#8211; pentru a <strong>genera o discu\u021bie deschis\u0103<\/strong>.<\/p>\n\n\n\n<p>Nu exist\u0103 democra\u021bie f\u0103r\u0103 dialog, informare, negociere \u0219i asumare. <\/p>\n\n\n\n<p>A\u0219a c\u0103 \u00eemi <strong>caut parteneri<\/strong>! \u00een primul r\u00e2nd, pentru <strong>dialog<\/strong> &#8211; ca s\u0103 dezbatem ce-i mai bine pentru viitorul cercet\u0103\u0219iei, din toate Centrele Locale, indiferent dac\u0103 sunte\u021bi sau nu de acord cu mine!<\/p>\n\n\n\n<p>Apoi, <strong>caut colegi <\/strong>pentru <strong>Consiliul Director <\/strong>\u00een sine cu care s\u0103 lucr\u0103m \u00een urm\u0103torii 3 ani &#8211; dac\u0103 v\u0103 g\u00e2ndi\u021bi s\u0103 candida\u021bi, sau v\u0103 g\u00e2ndi\u021bi la cineva care v-ar putea reprezenta \u00een Consiliu care are nevoie de o vorb\u0103 bun\u0103 \u0219i un pic de convingere &#8211; \u0103sta poate fi un moment oportun s\u0103 face\u021bi ceva \u00een sensul \u0103sta.<\/p>\n\n\n\n<p>Mai mult, <strong>caut parteneri <\/strong>care, chiar dac\u0103 nu vor s\u0103-\u0219i asume o responsabilitate la nivel decizional, vor s\u0103 aib\u0103 un impact durabil, real, \u00een dezvoltarea a zeci de mii de copiii \u0219i tineri prin proiectele pe care le putem desf\u0103\u0219ura la nivel na\u021bional.<\/p>\n\n\n\n<p>\u0218i nu \u00een ultimul r\u00e2nd, caut <strong>coechipieri<\/strong>, cu prec\u0103dere tineri, interesa\u021bi de democra\u021bia din cercet\u0103\u0219ie, care s\u0103 m\u0103 ajute \u00een urm\u0103toarele dou\u0103 luni ca mesajul nostru s\u0103 ajung\u0103 la tineri, \u0219i apoi, s\u0103 ne ajute s\u0103 respect\u0103m primul principiu de mai sus &#8211; c\u0103 mi\u0219carea asta este a tinerilor.<\/p>\n\n\n\n<p><strong>Who&#8217;s in?<\/strong> Facem urm\u0103torul pas \u00eempreun\u0103?<\/p>\n\n\n\n<p><\/p>\n","protected":false},"excerpt":{"rendered":"<p>Nu-mi vine s\u0103 cred c\u0103 au trecut deja aproape trei ani de c\u00e2nd mi-am \u00eencheiat mandatul de pre\u0219edinte al ONCR. Ajuns la limita de dou\u0103 mandate consecutive definit\u0103 de regulile democra\u021biei noastre, am predat atunci proiectele \u0219i luuuuunga list\u0103 de idei noului Consiliu \u0219i am continuat s\u0103 servesc cercet\u0103\u0219ia din alte roluri locale \u0219i na\u021bionale. &hellip; <a href=\"https:\/\/yeti.albascout.ro\/blog\/caut-echipa-cu-care-sa-facem-urmatorul-pas-pentru-cercetasie\/\" class=\"more-link\">Continu\u0103 s\u0103 cite\u0219ti <span class=\"screen-reader-text\">Caut echip\u0103 cu care s\u0103 facem urm\u0103torul pas pentru cercet\u0103\u0219ie<\/span><\/a><\/p>\n","protected":false},"author":1,"featured_media":9133,"comment_status":"open","ping_status":"open","sticky":false,"template":"","format":"standard","meta":{"jetpack_post_was_ever_published":false,"_jetpack_newsletter_access":"","_jetpack_dont_email_post_to_subs":false,"_jetpack_newsletter_tier_id":0,"_jetpack_memberships_contains_paywalled_content":false,"_jetpack_memberships_contains_paid_content":false,"footnotes":""},"categories":[556],"tags":[872,589],"class_list":["post-9125","post","type-post","status-publish","format-standard","has-post-thumbnail","hentry","category-cercetasi","tag-adunare-generala","tag-cercetai"],"jetpack_featured_media_url":"https:\/\/yeti.albascout.ro\/blog\/wp-content\/uploads\/2024\/03\/DSCF0721.jpg","jetpack_sharing_enabled":true,"_links":{"self":[{"href":"https:\/\/yeti.albascout.ro\/blog\/wp-json\/wp\/v2\/posts\/9125","targetHints":{"allow":["GET"]}}],"collection":[{"href":"https:\/\/yeti.albascout.ro\/blog\/wp-json\/wp\/v2\/posts"}],"about":[{"href":"https:\/\/yeti.albascout.ro\/blog\/wp-json\/wp\/v2\/types\/post"}],"author":[{"embeddable":true,"href":"https:\/\/yeti.albascout.ro\/blog\/wp-json\/wp\/v2\/users\/1"}],"replies":[{"embeddable":true,"href":"https:\/\/yeti.albascout.ro\/blog\/wp-json\/wp\/v2\/comments?post=9125"}],"version-history":[{"count":14,"href":"https:\/\/yeti.albascout.ro\/blog\/wp-json\/wp\/v2\/posts\/9125\/revisions"}],"predecessor-version":[{"id":9150,"href":"https:\/\/yeti.albascout.ro\/blog\/wp-json\/wp\/v2\/posts\/9125\/revisions\/9150"}],"wp:featuredmedia":[{"embeddable":true,"href":"https:\/\/yeti.albascout.ro\/blog\/wp-json\/wp\/v2\/media\/9133"}],"wp:attachment":[{"href":"https:\/\/yeti.albascout.ro\/blog\/wp-json\/wp\/v2\/media?parent=9125"}],"wp:term":[{"taxonomy":"category","embeddable":true,"href":"https:\/\/yeti.albascout.ro\/blog\/wp-json\/wp\/v2\/categories?post=9125"},{"taxonomy":"post_tag","embeddable":true,"href":"https:\/\/yeti.albascout.ro\/blog\/wp-json\/wp\/v2\/tags?post=9125"}],"curies":[{"name":"wp","href":"https:\/\/api.w.org\/{rel}","templated":true}]}}