{"id":8507,"date":"2020-10-10T10:47:36","date_gmt":"2020-10-10T08:47:36","guid":{"rendered":"http:\/\/yeti.albascout.ro\/blog\/?p=8507"},"modified":"2020-10-10T10:53:19","modified_gmt":"2020-10-10T08:53:19","slug":"un-an-cercetasesc-aparte-anul-patrulei","status":"publish","type":"post","link":"https:\/\/yeti.albascout.ro\/blog\/un-an-cercetasesc-aparte-anul-patrulei\/","title":{"rendered":"Un an cercet\u0103\u0219esc aparte: anul patrulei"},"content":{"rendered":"\n<p>Zilele astea pornim la drum \u00eentr-un nou an cercet\u0103\u0219esc &#8211; unul care va fi, cu siguran\u021b\u0103, aparte. Situa\u021bia cauzat\u0103 de pandemie ne oblig\u0103 s\u0103 fim creativi \u0219i s\u0103 reg\u00e2ndim modul cum facem cercet\u0103\u0219ie &#8211; nu doar \u00een Rom\u00e2nia, ci la nivel mondial. <\/p>\n\n\n\n<p>Cercet\u0103\u0219ia are <em>built-in<\/em> elemente care ne permit s\u0103 ne continu\u0103m activitatea \u0219i \u00een vremurile astea &#8230; diferite. Dou\u0103 din cele opt elemente* fundamentale ale metodei Scout sunt <em>via\u021ba \u00een grupuri mici <\/em>(noi le spunem patrule) \u0219i <em>natura<\/em> (at\u00e2t ca \u0219i cadru de activitate c\u00e2t \u0219i ca arie de interes). Ele ne permit \u0219i acum o abordare sigur\u0103 \u0219i autentic\u0103, cu respectarea tuturor limit\u0103rilor impuse de situa\u021bia epidemiologic\u0103: putem s\u0103 ne concentr\u0103m pe activit\u0103\u021bi restr\u00e2nse ca \u0219i timp, \u00een grupuri mici, \u00een persoan\u0103, \u00een natur\u0103. Analiza de risc publicat\u0103  de <a rel=\"noreferrer noopener\" href=\"http:\/\/www.cnscbt.ro\/index.php\/2005-riscul-transmiterii-sars-cov-2-de-la-persoane-pozitive-asimptomatice\/file\" target=\"_blank\">autorit\u0103\u021bile rom\u00e2ne<\/a> pare s\u0103 sus\u021bin\u0103 ideea c\u0103 activit\u0103\u021bile de patrul\u0103, \u00een exterior, cu m\u0103suri de siguran\u021b\u0103 corecte pot fi o solu\u021bie de succes pentru anul acesta.<\/p>\n\n\n\n<p>De aceea v\u0103 propun s\u0103 ne construim anul \u0103sta cercet\u0103\u0219esc \u00een jurul patrulei chiar \u0219i mai mult dec\u00e2t am fi f\u0103cut-o \u00een mod normal. Putem chiar s\u0103-i spunem <strong>anul patrulei<\/strong> :)<\/p>\n\n\n\n<!--more-->\n\n\n\n<figure class=\"wp-block-embed-youtube wp-block-embed is-type-video is-provider-youtube wp-embed-aspect-16-9 wp-has-aspect-ratio\"><div class=\"wp-block-embed__wrapper\">\n<span class=\"embed-youtube\" style=\"text-align:center; display: block;\"><iframe loading=\"lazy\" class=\"youtube-player\" width=\"660\" height=\"372\" src=\"https:\/\/www.youtube.com\/embed\/STQrBxQU__Y?version=3&#038;rel=1&#038;showsearch=0&#038;showinfo=1&#038;iv_load_policy=1&#038;fs=1&#038;hl=ro-RO&#038;autohide=2&#038;wmode=transparent\" allowfullscreen=\"true\" style=\"border:0;\" sandbox=\"allow-scripts allow-same-origin allow-popups allow-presentation allow-popups-to-escape-sandbox\"><\/iframe><\/span>\n<\/div><\/figure>\n\n\n\n<p>Chiar dac\u0103 ne vom limita la activit\u0103\u021bile \u00een persoan\u0103 \u00een mare la activit\u0103\u021bi de patrul\u0103, <strong>comunicarea \u00eentre noi<\/strong> devine cu at\u00e2t mai important\u0103 anul acesta &#8211; comunicarea \u00eentre cerceta\u0219i, \u00eentre patrule, \u00eentre unit\u0103\u021bi, \u00een Centrele Locale \u0219i \u00eentre nivelul local \u0219i nivelul na\u021bional. C\u00e2nd societatea ne impune, din r\u0103spundere \u0219i din nevoie, reguli de distan\u021bare fizic\u0103 \u0219i limitare a \u00eent\u00e2lnirilor, o tendin\u021b\u0103 natural\u0103 poate fi izolarea &#8211; izolarea personal\u0103, izolarea \u00een grupul \u00een care se \u00eent\u00e2mpl\u0103 \u00een mod normal activit\u0103\u021bi. <\/p>\n\n\n\n<p>De aceea, va fi important s\u0103 fim \u0219i mai con\u0219tien\u021bi \u0219i implica\u021bi anul acesta<em> <\/em>\u00een ce prive\u0219te men\u021binerea \u0219i \u00eent\u0103rirea rela\u021biilor la toate nivelurile cercet\u0103\u0219iei. Trebuie, de asemenea, s\u0103 g\u0103sim solu\u021bii pentru cerceta\u0219ii \u0219i liderii din patrulele noastre care vor fi, inevitabil, bloca\u021bi temporar acas\u0103 \u00een situa\u021bii de carantin\u0103 sau izolare.<\/p>\n\n\n\n<p>\u00cemi imaginez c\u0103 mutarea \u0219colii online, indiferent de scenarii, i-a f\u0103cut pe cerceta\u0219i u\u0219or &#8230; reticen\u021bi la activit\u0103\u021bi desf\u0103\u0219urate online. Am auzit \u0219i de la mul\u021bi lideri cu care am vorbit \u00een ultimele luni \u0219i c\u0103 \u00eent\u00e2lnirile <em>online<\/em> nu prea &#8222;\u021bin&#8221; pe termen lung. V\u0103 \u00eencurajez \u00eens\u0103 s\u0103 ne uit\u0103m la mediul online ca la o unealt\u0103 primar\u0103 de comunicare, mai repede dec\u00e2t un mediu principal de desf\u0103\u0219urare a activit\u0103\u021bilor &#8211; s\u0103 facem activit\u0103\u021bi \u00een natur\u0103 sau \u00een cas\u0103 \/ sediu, chiar \u0219i individual, dar s\u0103 le facem \u00eempreun\u0103 comunic\u00e2nd <em>pe net<\/em> &#8211; poate s\u0103 invent\u0103m un concept nou, activit\u0103\u021bi <strong>individual-\u00eempreun\u0103! :)<\/strong><\/p>\n\n\n\n<p>Criza economic\u0103 pare c\u0103 ne va da de furc\u0103 o vreme, chiar \u0219i dup\u0103 ce criza sanitar\u0103 se va mai domoli, \u0219i \u00eentotdeauna cei vulnerabili membri ai societ\u0103\u021bii sunt primii afecta\u021bi de astfel de evenimente. V\u0103 \u00eencurajez ca \u00een noul an cercet\u0103\u0219esc s\u0103 r\u0103m\u00e2nem implica\u021bi constructiv \u0219i responsabil \u00een comunit\u0103\u021bile noastre &#8211; prin proiecte proprii sau \u00een parteneriat cu diferitele mi\u0219c\u0103ri de sprijin ale comunit\u0103\u021bii care apar \u00een toat\u0103 \u021bara.<\/p>\n\n\n\n<p>Organiza\u021bia Na\u021bional\u0103 monitorizeaz\u0103 cu aten\u021bie evolu\u021bia pandemiei, se sincronizeaz\u0103 cu alte organiza\u021bii de cerceta\u0219i din Europa \u0219i urm\u0103re\u0219te \u00eendeaproape regulile impuse de autorit\u0103\u021bi pentru a oferi un cadru sigur \u0219i unitar de desf\u0103\u0219urare a activit\u0103\u021bilor cercet\u0103\u0219e\u0219ti (<a rel=\"noreferrer noopener\" href=\"https:\/\/consiliuldirector.scout.ro\/2020\/06\/18\/reguli-reluare-activitate-cercetaseasca-in-timpul-pandemiei-covid-19\/\" target=\"_blank\">documentul actualizat este disponibil aici<\/a>). <strong>\u00cen orice activitate ne implic\u0103m, \u00eentotdeauna, siguran\u021ba cerceta\u0219ilor trebuie s\u0103 primeze.<\/strong><\/p>\n\n\n\n<p>Via\u021ba democratic\u0103 a organiza\u021biei merge \u0219i ea \u00eenainte, chiar dac\u0103 nu ne putem vedea fa\u021b\u0103-n fa\u021b\u0103 &#8211; \u00eenainte de sf\u00e2r\u0219itul anului calendaristic, <strong>pe 14 noiembrie<\/strong>, vom avea o Adunare General\u0103 online, prima de felul ei, iar la anul \u00een primavar\u0103 vom avea alegeri.<\/p>\n\n\n\n<p><strong>V\u0103 urez un an cercet\u0103\u0219esc fantastic!<\/strong><\/p>\n\n\n\n<p>* Cel\u0103lalte 6 elemente ale metodei Scout sunt <em>sistemul de progres personal, cadrul simbolic, sprijinul adult, implicarea \u00een comunitate, legea \u0219i promisiunea, \u00eenv\u0103\u021barea experien\u021bial\u0103 (learning by doing)<\/em><\/p>\n","protected":false},"excerpt":{"rendered":"<p>Zilele astea pornim la drum \u00eentr-un nou an cercet\u0103\u0219esc &#8211; unul care va fi, cu siguran\u021b\u0103, aparte. Situa\u021bia cauzat\u0103 de pandemie ne oblig\u0103 s\u0103 fim creativi \u0219i s\u0103 reg\u00e2ndim modul cum facem cercet\u0103\u0219ie &#8211; nu doar \u00een Rom\u00e2nia, ci la nivel mondial. Cercet\u0103\u0219ia are built-in elemente care ne permit s\u0103 ne continu\u0103m activitatea \u0219i \u00een &hellip; <a href=\"https:\/\/yeti.albascout.ro\/blog\/un-an-cercetasesc-aparte-anul-patrulei\/\" class=\"more-link\">Continu\u0103 s\u0103 cite\u0219ti <span class=\"screen-reader-text\">Un an cercet\u0103\u0219esc aparte: anul patrulei<\/span><\/a><\/p>\n","protected":false},"author":1,"featured_media":8541,"comment_status":"open","ping_status":"open","sticky":false,"template":"","format":"standard","meta":{"jetpack_post_was_ever_published":false,"_jetpack_newsletter_access":"","_jetpack_dont_email_post_to_subs":false,"_jetpack_newsletter_tier_id":0,"_jetpack_memberships_contains_paywalled_content":false,"_jetpack_memberships_contains_paid_content":false,"footnotes":""},"categories":[556],"tags":[589],"class_list":["post-8507","post","type-post","status-publish","format-standard","has-post-thumbnail","hentry","category-cercetasi","tag-cercetai"],"jetpack_featured_media_url":"https:\/\/yeti.albascout.ro\/blog\/wp-content\/uploads\/2020\/10\/DJI_0730-scaled.jpg","jetpack_sharing_enabled":true,"_links":{"self":[{"href":"https:\/\/yeti.albascout.ro\/blog\/wp-json\/wp\/v2\/posts\/8507","targetHints":{"allow":["GET"]}}],"collection":[{"href":"https:\/\/yeti.albascout.ro\/blog\/wp-json\/wp\/v2\/posts"}],"about":[{"href":"https:\/\/yeti.albascout.ro\/blog\/wp-json\/wp\/v2\/types\/post"}],"author":[{"embeddable":true,"href":"https:\/\/yeti.albascout.ro\/blog\/wp-json\/wp\/v2\/users\/1"}],"replies":[{"embeddable":true,"href":"https:\/\/yeti.albascout.ro\/blog\/wp-json\/wp\/v2\/comments?post=8507"}],"version-history":[{"count":3,"href":"https:\/\/yeti.albascout.ro\/blog\/wp-json\/wp\/v2\/posts\/8507\/revisions"}],"predecessor-version":[{"id":8543,"href":"https:\/\/yeti.albascout.ro\/blog\/wp-json\/wp\/v2\/posts\/8507\/revisions\/8543"}],"wp:featuredmedia":[{"embeddable":true,"href":"https:\/\/yeti.albascout.ro\/blog\/wp-json\/wp\/v2\/media\/8541"}],"wp:attachment":[{"href":"https:\/\/yeti.albascout.ro\/blog\/wp-json\/wp\/v2\/media?parent=8507"}],"wp:term":[{"taxonomy":"category","embeddable":true,"href":"https:\/\/yeti.albascout.ro\/blog\/wp-json\/wp\/v2\/categories?post=8507"},{"taxonomy":"post_tag","embeddable":true,"href":"https:\/\/yeti.albascout.ro\/blog\/wp-json\/wp\/v2\/tags?post=8507"}],"curies":[{"name":"wp","href":"https:\/\/api.w.org\/{rel}","templated":true}]}}