{"id":8170,"date":"2018-11-05T05:22:47","date_gmt":"2018-11-05T03:22:47","guid":{"rendered":"http:\/\/yeti.albascout.ro\/blog\/?p=8170"},"modified":"2018-11-05T10:36:25","modified_gmt":"2018-11-05T08:36:25","slug":"despre-cercetasie-si-initiative-locale-tedxdrobetaturnuseverin","status":"publish","type":"post","link":"https:\/\/yeti.albascout.ro\/blog\/despre-cercetasie-si-initiative-locale-tedxdrobetaturnuseverin\/","title":{"rendered":"Despre cercet\u0103\u0219ie \u0219i ini\u021biative locale la TEDxDrobetaTurnuSeverin"},"content":{"rendered":"\n<p><em>S\u00e2mb\u0103ta asta, pe 3 noiembrie, am avut oportunitatea s\u0103 vorbesc la Drobeta Turnu Severin, la prima edi\u021bie de TEDxDrobetaTurnuSeverin despre cercet\u0103\u0219ie, dar \u0219i despre ce lec\u021bii am putut \u00eenv\u0103\u021ba din experien\u021ba Centrelor Locale care izbutesc \u00een comunit\u0103\u021bi care nu au o afluen\u021b\u0103 continu\u0103 de tineri.<\/em><\/p>\n\n\n\n<p><em>Pentru c\u0103 \u00een mod normal dureaz\u0103 mai multe luni p\u00e2n\u0103 la publicarea clip-urilor de la eveniment, m-am g\u00e2ndit s\u0103 public aici speech-ul meu, a\u0219a cum l-am scris (livrarea a avut de suferit, probabil de la emo\u021bii :P)<\/em><\/p>\n\n\n\n<p>Dac\u0103 a\u0219 alege 100 de oameni la \u00eent\u00e2mplare dintr-un ora\u0219 din Rom\u00e2nia \u0219i i-a\u0219 \u00eentreba ce sunt cerceta\u0219ii, probabil cei mai mul\u021bi dintre ei n-ar \u0219tii ce s\u0103-mi zic\u0103, iar dintre cei care ar \u0219tii, unii ar face o leg\u0103tur\u0103 cu feti\u021bele cerceta\u0219 care v\u00e2nd pr\u0103jiturele din u\u0219\u0103-n u\u0219\u0103 \u00een filmele americane, sau, cu pu\u021bin noroc mi-ar spune lucruri de genul &#8222;\u0103ia de merg la munte&#8221;, &#8222;supravie\u021buire \u00een natur\u0103&#8221;, &#8222;copii \u0103ia cu e\u0219arfe la g\u00e2t&#8221;, poate dac\u0103 a\u0219 avea super noroc a\u0219 primi o referin\u021b\u0103 la &#8222;Festivalul Luminii&#8221; sau a\u0219 g\u0103si pe cineva care ar \u0219tii c\u0103 mai plant\u0103m \u0219i p\u0103duri sau c\u0103 avem ac\u021biuni \u00een comunitate.<\/p>\n\n\n\n<!--more-->\n\n\n\n<p>Dac\u0103 a\u0219 lua, \u00een schimb, 100 de cerceta\u0219i din Rom\u00e2nia \u0219i i-a\u0219 \u00eentreba ce este cercet\u0103\u0219ia pentru ei \u0219i cum ar explica-o altora a\u0219 primi, probabil, 100 de r\u0103spunsuri diferite &#8211; \u0219i multe probabil nu tocmai utile pentru a explica conceptul unor persoane care nu \u0219tiu nimic despre noi &#8211; asta \u0219i pentru c\u0103 pentru ei, cercet\u0103\u0219ia este o experien\u021b\u0103 foarte personal\u0103.<\/p>\n\n\n\n<p>Haide\u021bi s\u0103 \u00eencerc s\u0103 traduc c\u00e2teva din lucrurile pe care le-a\u021bi putea vedea \u00een feed-ul vostru de la un poten\u021bial prieten cerceta\u0219:<\/p>\n\n\n\n<figure class=\"wp-block-image\"><img loading=\"lazy\" decoding=\"async\" width=\"4608\" height=\"2176\" src=\"http:\/\/yeti.albascout.ro\/blog\/wp-content\/uploads\/2018\/11\/IMG_20180822_152737.jpg\" alt=\"\" class=\"wp-image-8174\" srcset=\"https:\/\/yeti.albascout.ro\/blog\/wp-content\/uploads\/2018\/11\/IMG_20180822_152737.jpg 4608w, https:\/\/yeti.albascout.ro\/blog\/wp-content\/uploads\/2018\/11\/IMG_20180822_152737-300x142.jpg 300w, https:\/\/yeti.albascout.ro\/blog\/wp-content\/uploads\/2018\/11\/IMG_20180822_152737-768x363.jpg 768w, https:\/\/yeti.albascout.ro\/blog\/wp-content\/uploads\/2018\/11\/IMG_20180822_152737-1024x484.jpg 1024w\" sizes=\"auto, (max-width: 4608px) 100vw, 4608px\" \/><figcaption>Cerceta\u0219ii merg \u00een locuri super faine, cu peisaje superbe<br><\/figcaption><\/figure>\n\n\n\n<figure class=\"wp-block-image\"><img loading=\"lazy\" decoding=\"async\" width=\"4608\" height=\"2176\" src=\"http:\/\/yeti.albascout.ro\/blog\/wp-content\/uploads\/2018\/11\/IMG_20180822_090622.jpg\" alt=\"\" class=\"wp-image-8175\" srcset=\"https:\/\/yeti.albascout.ro\/blog\/wp-content\/uploads\/2018\/11\/IMG_20180822_090622.jpg 4608w, https:\/\/yeti.albascout.ro\/blog\/wp-content\/uploads\/2018\/11\/IMG_20180822_090622-300x142.jpg 300w, https:\/\/yeti.albascout.ro\/blog\/wp-content\/uploads\/2018\/11\/IMG_20180822_090622-768x363.jpg 768w, https:\/\/yeti.albascout.ro\/blog\/wp-content\/uploads\/2018\/11\/IMG_20180822_090622-1024x484.jpg 1024w\" sizes=\"auto, (max-width: 4608px) 100vw, 4608px\" \/><figcaption>Cerceta\u0219ii \u0219tiu s\u0103 doarm\u0103 \u0219i f\u0103r\u0103 cort \u0219i se \u00eent\u00e2mpl\u0103 s\u0103 o mai \u0219i fac\u0103<\/figcaption><\/figure>\n\n\n\n<figure class=\"wp-block-image\"><img loading=\"lazy\" decoding=\"async\" width=\"4608\" height=\"2176\" src=\"http:\/\/yeti.albascout.ro\/blog\/wp-content\/uploads\/2018\/11\/IMG_20180907_092644.jpg\" alt=\"\" class=\"wp-image-8176\" srcset=\"https:\/\/yeti.albascout.ro\/blog\/wp-content\/uploads\/2018\/11\/IMG_20180907_092644.jpg 4608w, https:\/\/yeti.albascout.ro\/blog\/wp-content\/uploads\/2018\/11\/IMG_20180907_092644-300x142.jpg 300w, https:\/\/yeti.albascout.ro\/blog\/wp-content\/uploads\/2018\/11\/IMG_20180907_092644-768x363.jpg 768w, https:\/\/yeti.albascout.ro\/blog\/wp-content\/uploads\/2018\/11\/IMG_20180907_092644-1024x484.jpg 1024w\" sizes=\"auto, (max-width: 4608px) 100vw, 4608px\" \/><figcaption>Cerceta\u0219ii merg pe mun\u021bi \u00eenal\u021bi \u0219i nu-i neobi\u0219nuit s\u0103 fie \u00eenfofoli\u021bi \u0219i cu c\u0103ciuli pe cap \u00een septembrie<\/figcaption><\/figure>\n\n\n\n<figure class=\"wp-block-image\"><img loading=\"lazy\" decoding=\"async\" width=\"4608\" height=\"2176\" src=\"http:\/\/yeti.albascout.ro\/blog\/wp-content\/uploads\/2018\/11\/IMG_20180908_162346.jpg\" alt=\"\" class=\"wp-image-8177\" srcset=\"https:\/\/yeti.albascout.ro\/blog\/wp-content\/uploads\/2018\/11\/IMG_20180908_162346.jpg 4608w, https:\/\/yeti.albascout.ro\/blog\/wp-content\/uploads\/2018\/11\/IMG_20180908_162346-300x142.jpg 300w, https:\/\/yeti.albascout.ro\/blog\/wp-content\/uploads\/2018\/11\/IMG_20180908_162346-768x363.jpg 768w, https:\/\/yeti.albascout.ro\/blog\/wp-content\/uploads\/2018\/11\/IMG_20180908_162346-1024x484.jpg 1024w\" sizes=\"auto, (max-width: 4608px) 100vw, 4608px\" \/><figcaption>Cerceta\u0219ii-s mari clien\u021bi CFR \u0219i deseori umplu g\u0103ri \u0219i vagoane de tren<\/figcaption><\/figure>\n\n\n\n<figure class=\"wp-block-image\"><img loading=\"lazy\" decoding=\"async\" width=\"2048\" height=\"1365\" src=\"http:\/\/yeti.albascout.ro\/blog\/wp-content\/uploads\/2018\/11\/21687039_1602613153134327_5753152284504257034_o.jpg\" alt=\"\" class=\"wp-image-8178\" srcset=\"https:\/\/yeti.albascout.ro\/blog\/wp-content\/uploads\/2018\/11\/21687039_1602613153134327_5753152284504257034_o.jpg 2048w, https:\/\/yeti.albascout.ro\/blog\/wp-content\/uploads\/2018\/11\/21687039_1602613153134327_5753152284504257034_o-300x200.jpg 300w, https:\/\/yeti.albascout.ro\/blog\/wp-content\/uploads\/2018\/11\/21687039_1602613153134327_5753152284504257034_o-768x512.jpg 768w, https:\/\/yeti.albascout.ro\/blog\/wp-content\/uploads\/2018\/11\/21687039_1602613153134327_5753152284504257034_o-1024x683.jpg 1024w\" sizes=\"auto, (max-width: 2048px) 100vw, 2048px\" \/><figcaption>Cerceta\u0219ii-s fac pozne unii altora (spre exemplu, \u00ee\u0219i g\u0103sesc diminea\u021ba-n tab\u0103r\u0103 bocancii lega\u021bi de turn)\u00a0<em>(poza asta nu a ap\u0103rut \u00een prezentare din ceva probleme tehnice &#8211; my bad)<\/em><\/figcaption><\/figure>\n\n\n\n<figure class=\"wp-block-image\"><img loading=\"lazy\" decoding=\"async\" width=\"2048\" height=\"1151\" src=\"http:\/\/yeti.albascout.ro\/blog\/wp-content\/uploads\/2018\/11\/20616948_1670976456248093_7526247914990927806_o.jpg\" alt=\"\" class=\"wp-image-8179\" srcset=\"https:\/\/yeti.albascout.ro\/blog\/wp-content\/uploads\/2018\/11\/20616948_1670976456248093_7526247914990927806_o.jpg 2048w, https:\/\/yeti.albascout.ro\/blog\/wp-content\/uploads\/2018\/11\/20616948_1670976456248093_7526247914990927806_o-300x169.jpg 300w, https:\/\/yeti.albascout.ro\/blog\/wp-content\/uploads\/2018\/11\/20616948_1670976456248093_7526247914990927806_o-768x432.jpg 768w, https:\/\/yeti.albascout.ro\/blog\/wp-content\/uploads\/2018\/11\/20616948_1670976456248093_7526247914990927806_o-1024x576.jpg 1024w\" sizes=\"auto, (max-width: 2048px) 100vw, 2048px\" \/><figcaption>De\u0219i deseori fac activit\u0103\u021bi multe cu oameni pu\u021bini, c\u00e2teodat\u0103 ne \u00eent\u00e2lnim cu miile :)\u00a0<em>(poza asta nu a ap\u0103rut \u00een prezentare din ceva probleme tehnice &#8211; my bad)<\/em><\/figcaption><\/figure>\n\n\n\n<figure class=\"wp-block-image\"><img loading=\"lazy\" decoding=\"async\" width=\"4512\" height=\"3000\" src=\"http:\/\/yeti.albascout.ro\/blog\/wp-content\/uploads\/2018\/11\/DSC_6686.jpg\" alt=\"\" class=\"wp-image-8180\" srcset=\"https:\/\/yeti.albascout.ro\/blog\/wp-content\/uploads\/2018\/11\/DSC_6686.jpg 4512w, https:\/\/yeti.albascout.ro\/blog\/wp-content\/uploads\/2018\/11\/DSC_6686-300x199.jpg 300w, https:\/\/yeti.albascout.ro\/blog\/wp-content\/uploads\/2018\/11\/DSC_6686-768x511.jpg 768w, https:\/\/yeti.albascout.ro\/blog\/wp-content\/uploads\/2018\/11\/DSC_6686-1024x681.jpg 1024w\" sizes=\"auto, (max-width: 4512px) 100vw, 4512px\" \/><figcaption>Cerceta\u0219ii au \u0219i c\u00e2teva evenimente g\u00e2ndite \u00een mod direct pentru \u0219i \u00een comunitate, de departe cel mai cunoscut fiind Festivalul Luminii<\/figcaption><\/figure>\n\n\n\n<p>Toate astea descriu o parte din ac\u021biunile pe care cerceta\u0219ii le fac \u00een mod comun &#8211; dar nu r\u0103spund \u00eentreb\u0103rii &#8222;ce este cercet\u0103\u0219ia?&#8221;\u00a0<\/p>\n\n\n\n<figure class=\"wp-block-image\"><img loading=\"lazy\" decoding=\"async\" width=\"1631\" height=\"976\" src=\"http:\/\/yeti.albascout.ro\/blog\/wp-content\/uploads\/2018\/11\/Screenshot-from-2018-11-03-08-15-06.png\" alt=\"\" class=\"wp-image-8182\" srcset=\"https:\/\/yeti.albascout.ro\/blog\/wp-content\/uploads\/2018\/11\/Screenshot-from-2018-11-03-08-15-06.png 1631w, https:\/\/yeti.albascout.ro\/blog\/wp-content\/uploads\/2018\/11\/Screenshot-from-2018-11-03-08-15-06-300x180.png 300w, https:\/\/yeti.albascout.ro\/blog\/wp-content\/uploads\/2018\/11\/Screenshot-from-2018-11-03-08-15-06-768x460.png 768w, https:\/\/yeti.albascout.ro\/blog\/wp-content\/uploads\/2018\/11\/Screenshot-from-2018-11-03-08-15-06-1024x613.png 1024w\" sizes=\"auto, (max-width: 1631px) 100vw, 1631px\" \/><\/figure>\n\n\n\n<p>Cercet\u0103\u0219ia este o mi\u0219care global\u0103 de tineret care-\u0219i pune cei 40 de milioane de membrii din \u00eentreaga lume \u00een slujba acestui ideal:\u00a0<em>cre\u0103m o lume mai bun\u0103.<\/em>\u00a0<\/p>\n\n\n\n<p>Ce ne propunem este s\u0103 oferim un program educativ copiilor \u0219i tinerilor prin care s\u0103 contribuim la dezvoltarea lor personal\u0103, pentru a-i ajuta s\u0103 devin\u0103 adul\u021bi \u00eemplini\u021bi <strong>\u0219i activ implica\u021bi in comunit\u0103\u021bile lor<\/strong>.<\/p>\n\n\n\n<p>Pe scurt, cercet\u0103\u0219ia este \u00een primul r\u00e2nd educa\u021bie. Asumat, planificat \u0219i organizat, liderii cerceta\u0219i &#8211; voluntarii adul\u021bi care pun \u00een aplicare programul nostru, preg\u0103tesc fiecare activitate din cele pe care le-am v\u0103zut \u00een feed-ul prietenului nostru cerceta\u0219 ca un context sigur \u0219i autentic \u00een care copii \u0219i tinerii s\u0103 ias\u0103, \u00eencet \u00eencet din zona lor de confort \u0219i s\u0103 prind\u0103 curaj \u0219i \u00eencredere \u00een ei.<\/p>\n\n\n\n<p>Da, cerceta\u0219ii \u00eenva\u021b\u0103 despre cum s\u0103 fac\u0103 noduri cu sfoar\u0103, s\u0103-\u0219i fac\u0103 un ad\u0103post dintr-o foaie de cort sau s\u0103 se orienteze \u00een p\u0103dure &#8211; dar obiectivul este ca ei s\u0103 \u00ee\u0219i dea seama c\u0103 se pot descurca baz\u00e2ndu-se pe ei \u00een\u0219i\u0219i, pe ce au \u00eenv\u0103\u021bat \u0219i pe colegii lor. Iar atunci c\u00e2nd \u0219tii c\u0103 te vei descurca \u00eentr-o situa\u021bie nou\u0103 prinzi \u00eencredere c\u0103 te vei descurca \u0219i \u00een alte situa\u021bii noi &#8211; lucru care se transfer\u0103 \u0219i \u00een via\u021ba de adult. <\/p>\n\n\n\n<p>Da, cerceta\u0219ii planteaz\u0103 de asemenea copaci &#8211; p\u0103duri \u00eentregi &#8211; dar pe l\u00e2ng\u0103 ajutorarea imediat\u0103 a planetei obiectivul este ca copii \u0219i tinerii s\u0103 \u00eenceap\u0103 s\u0103 \u00een\u021beleag\u0103 c\u00e2t de mult ajutor are, de fapt, natura din jurul nostru. <\/p>\n\n\n\n<p>Faptul c\u0103 cerceta\u0219ii primesc ca provocare s\u0103 fac\u0103 mici scenete focul de tabar\u0103 \u00eei ajut\u0103 pe termen lung s\u0103-\u0219i domoleasc\u0103 frica de a vorbi \u00een public, \u0219i s\u0103 nu aib\u0103 a\u0219a multe emo\u021bii c\u00e2nd ajung s\u0103 vorbeasc\u0103 la un TEDx.<\/p>\n\n\n\n<p>Am spus mai sus c\u0103 contextul pe care-l construim este unul sigur \u0219i autentic &#8211; fara bully-ing, f\u0103r\u0103 team\u0103, f\u0103r\u0103 \u0219efi \u0219i superiori, si as vrea sa va dau un exemplu poate simplist, de care mi-am amintit cautand poze pentru prezentarea asta.<\/p>\n\n\n\n<figure class=\"wp-block-image\"><img loading=\"lazy\" decoding=\"async\" width=\"2000\" height=\"1333\" src=\"http:\/\/yeti.albascout.ro\/blog\/wp-content\/uploads\/2018\/11\/F27B0525.jpg\" alt=\"\" class=\"wp-image-8181\" srcset=\"https:\/\/yeti.albascout.ro\/blog\/wp-content\/uploads\/2018\/11\/F27B0525.jpg 2000w, https:\/\/yeti.albascout.ro\/blog\/wp-content\/uploads\/2018\/11\/F27B0525-300x200.jpg 300w, https:\/\/yeti.albascout.ro\/blog\/wp-content\/uploads\/2018\/11\/F27B0525-768x512.jpg 768w, https:\/\/yeti.albascout.ro\/blog\/wp-content\/uploads\/2018\/11\/F27B0525-1024x682.jpg 1024w\" sizes=\"auto, (max-width: 2000px) 100vw, 2000px\" \/><figcaption>\u00cen taberele de cerceta\u0219i, \u00een fiecare diminea\u021b\u0103 exist\u0103 o \u00eent\u00e2lnire cu to\u021bi participan\u021bii pentru a prezenta planul pe ziua respectiv\u0103. Cine \u00eent\u00e2rzie la aceast\u0103 \u00eent\u00e2lnire, sau cine-\u0219i las\u0103 lucrurile aiurea prin tab\u0103r\u0103 \u00een ziua anterioar\u0103 ajunge \u00een mijlocul cercului \u0219i are de \u00eendeplinit o sarcin\u0103. Chit c\u0103 subsemnatul era \u0219eful taberei respective, \u0219i \u0219i \u0219eful grupului de cerceta\u0219i, a avut de dat trei ture cu cauciucul de tractor \u00een jurul cercului, al\u0103turi de al\u021bi cerceta\u0219i mai mici sau mai mari, \u00eentruc\u00e2t a r\u0103t\u0103cit un felinar \u00een seara dinainte :)<\/figcaption><\/figure>\n\n\n\n<p>Programul nostru func\u021bioneaz\u0103 &#8211; avem 5000 de cerceta\u0219i acum \u00een Rom\u00e2nia \u0219i alte mii de adul\u021bi care au beneficiat \u00een ultimii 25 de ani de programul acesta, \u0219i mul\u021bi dintre ei sunt, a\u0219a cum ne-am dorit, (mai) \u00eemplini\u021bi \u0219i implica\u021bi \u00een comunit\u0103\u021bile lor.<\/p>\n\n\n\n<p>Motorul cercet\u0103\u0219iei \u00een Rom\u00e2nia sunt adul\u021bii care aleg s\u0103 \u00ee\u0219i asume voluntar aceast\u0103 misiune educativ\u0103 &#8211; oameni ca <a href=\"https:\/\/www.facebook.com\/daniela.borontis?ref=br_rs\">Dana<\/a>, care rezoneaz\u0103 cu mi\u0219carea noastr\u0103 \u0219i se hot\u0103resc s\u0103 investeasc\u0103 timp \u00een a aduce programul nostr\u0103 c\u0103tre mai mul\u021bi copii \u0219i tineri. F\u0103r\u0103 ei, cercet\u0103\u0219ia n-ar putea exista.<\/p>\n\n\n\n<p>Mai ales din cauza dinamicii sociale din Romania, care \u00eei mut\u0103 pe tineri c\u0103tre Vest sau c\u0103tre cele c\u00e2teva ora\u0219e mari, centre universitare \u0219i de afaceri, \u00een general, comunit\u0103\u021bile \u00een care vor fi implica\u021bi pe termen lung cei mai mul\u021bi dintre &#8222;absolven\u021bii&#8221; no\u0219tri vor fi altele decat cele natale. <\/p>\n\n\n\n<p>Ceea ce este foarte bine pentru acele comunit\u0103\u021bi &#8211; dar mai pu\u021bin bine pentru grupurile noastre, care nu pot s\u0103 se bazeze, pe termen lung, pe cerceta\u0219i s\u0103 devin\u0103 lideri \u00een grupul care i-a format.<\/p>\n\n\n\n<p>\u00cencerc\u00e2nd s\u0103 extindem programul nostru \u00een Rom\u00e2nia am \u00eenv\u0103\u021bat mai multe lec\u021bii care cred c\u0103 se aplic\u0103\u00a0oric\u0103rei ini\u021biative locale &#8211; c\u0103 e vorba de cerceta\u0219i sau de orice alt\u0103 ini\u021biativ\u0103 &#8211; \u00eentr-un ora\u0219 nu neap\u0103rat mic, dar nici neaparat mare, cum ar fi Alba Iulia, de unde sunt eu, sau Drobeta Turnu Severin &#8211; de unde sunte\u021bi mul\u021bi dintre voi, \u0219i-a\u0219 vrea s\u0103 \u00eemp\u0103rt\u0103\u0219esc una din concluziile mele din experien\u021ba asta.<\/p>\n\n\n\n<p>Cum spunea \u0219i Ana \u00een deschidere &#8211; e un pas mare \u00eentre a-\u021bi dori s\u0103 faci ceva \u0219i s\u0103 chiar \u00eencepi. Poate c\u0103 unii dintre voi a\u021bi vrea s\u0103 face\u021bi ceva pentru comunitatea voastr\u0103 dar nu \u0219ti\u021bi de unde s\u0103 o apuca\u021bi, de multe ori pentru c\u0103 crede\u021bi c\u0103 nu crede\u021bi c\u0103 pute\u021bi s\u0103 o face\u021bi singur; sau poate c\u0103 unii dintre n-a\u021bi vrea s\u0103 fi\u021bi neap\u0103rat cei cu ini\u021biativa (\u0219i cu r\u0103spunderea), dar dac\u0103 ar exista o ac\u021biune cu care s\u0103 rezona\u021bi, v-a\u021bi implica \u00een ea, dar ea \u00eent\u00e2rzie s\u0103 apar\u0103.<\/p>\n\n\n\n<figure class=\"wp-block-image\"><img loading=\"lazy\" decoding=\"async\" width=\"3000\" height=\"1854\" src=\"http:\/\/yeti.albascout.ro\/blog\/wp-content\/uploads\/2018\/11\/no_red_line.png\" alt=\"\" class=\"wp-image-8184\" srcset=\"https:\/\/yeti.albascout.ro\/blog\/wp-content\/uploads\/2018\/11\/no_red_line.png 3000w, https:\/\/yeti.albascout.ro\/blog\/wp-content\/uploads\/2018\/11\/no_red_line-300x185.png 300w, https:\/\/yeti.albascout.ro\/blog\/wp-content\/uploads\/2018\/11\/no_red_line-768x475.png 768w, https:\/\/yeti.albascout.ro\/blog\/wp-content\/uploads\/2018\/11\/no_red_line-1024x633.png 1024w, https:\/\/yeti.albascout.ro\/blog\/wp-content\/uploads\/2018\/11\/no_red_line-825x510.png 825w\" sizes=\"auto, (max-width: 3000px) 100vw, 3000px\" \/><figcaption>Care-i efortul \/ persoan\u0103 \u00een func\u021bie de c\u00e2\u021bi oameni sunt implica\u021bi \u00eentr-o treab\u0103<\/figcaption><\/figure>\n\n\n\n<p>Am incercat s\u0103 reprezint aici cum se imparte munca pe oamenii care sus\u021bin \/ pornesc o ini\u021biativ\u0103 \u00eentr-o comunitate. C\u00e2nd e\u0219ti singur, toat\u0103 munca cade pe tine &#8211; dar pe m\u0103sur\u0103 ce \u00eencepi s\u0103\u00a0ai un ajutor, efortul personal\u00a0\u00eencepe s\u0103 scad\u0103. Nu-i nicio surpriz\u0103, rom\u00e2nul zice &#8222;unde-s mul\u021bi, puterea cre\u0219te&#8221;, e la mintea coco\u0219ului.<\/p>\n\n\n\n<figure class=\"wp-block-image\"><img loading=\"lazy\" decoding=\"async\" width=\"2991\" height=\"1849\" src=\"http:\/\/yeti.albascout.ro\/blog\/wp-content\/uploads\/2018\/11\/no_red_line2.png\" alt=\"\" class=\"wp-image-8183\" srcset=\"https:\/\/yeti.albascout.ro\/blog\/wp-content\/uploads\/2018\/11\/no_red_line2.png 2991w, https:\/\/yeti.albascout.ro\/blog\/wp-content\/uploads\/2018\/11\/no_red_line2-300x185.png 300w, https:\/\/yeti.albascout.ro\/blog\/wp-content\/uploads\/2018\/11\/no_red_line2-768x475.png 768w, https:\/\/yeti.albascout.ro\/blog\/wp-content\/uploads\/2018\/11\/no_red_line2-1024x633.png 1024w, https:\/\/yeti.albascout.ro\/blog\/wp-content\/uploads\/2018\/11\/no_red_line2-825x510.png 825w\" sizes=\"auto, (max-width: 2991px) 100vw, 2991px\" \/><figcaption>\u021aine-\u021bi echipa sub linia ro\u0219ie<\/figcaption><\/figure>\n\n\n\n<p>Exist\u0103 o limit\u0103 c\u00e2nd vine vorba de efortul pe care fiecare dintre noi e dispus s\u0103 \u00eel investeasc\u0103 \u00een ceva &#8211; \u0219i trebuie s\u0103 fim con\u0219tien\u021bi de asta: o idee nou\u0103 care nu g\u0103se\u0219te sus\u021binere va \u021bine oamenii deasupra liniei ro\u0219ii, ceea ce pe termen lung, \u00een general nu se termina \u00een success.<\/p>\n\n\n\n<p>\u00cen schimb, dac\u0103 o ini\u021biativ\u0103 reu\u0219e\u0219te s\u0103-\u0219i aduc\u0103 \u0219i s\u0103-\u0219i \u021bin\u0103 echipa sub linia ro\u0219ie a limitei de efort, are \u0219anse bune s\u0103 &#8222;\u021bin\u0103&#8221; \u0219i s\u0103 creasc\u0103 pe termen lung.<\/p>\n\n\n\n<p>A\u0219a c\u0103 dac\u0103 ave\u021bi o\u00a0idee, vre\u021bi s\u0103 face\u021bi ceva \u00een comunitatea voastr\u0103 \u00een care pare s\u0103 nu se poat\u0103 face nimic &#8211; vorbi\u021bi despre ideea voastr\u0103 oricui e dispus s\u0103 v\u0103 asculte; dac\u0103 vre\u021bi s\u0103 contribui\u021bi la ceva \u00een comunitatea voastr\u0103, chiar dac\u0103 nu vre\u021bi voi s\u0103 fi\u021bi &#8222;prima vioar\u0103&#8221; &#8211; sus\u021bine\u021bi-i pe cei care vor, \u0219i asigura\u021bi-v\u0103 c\u0103 \u0219tiu c\u0103 sunt sus\u021binu\u021bi.<\/p>\n\n\n\n<p>Indiferent de comunitatea voastr\u0103, contribui\u021bi la a \u021bine ini\u021biative faine sub linia ro\u0219ie!<\/p>\n\n\n\n<p><em>Mul\u021bumesc Danei \u0219i echipei TEDxDrobetaTurnuSeverin pentru invita\u021bie \u0219i Cristinei Kremer pentru fotografia pe scena TEDx.<\/em><\/p>\n","protected":false},"excerpt":{"rendered":"<p>S\u00e2mb\u0103ta asta, pe 3 noiembrie, am avut oportunitatea s\u0103 vorbesc la Drobeta Turnu Severin, la prima edi\u021bie de TEDxDrobetaTurnuSeverin despre cercet\u0103\u0219ie, dar \u0219i despre ce lec\u021bii am putut \u00eenv\u0103\u021ba din experien\u021ba Centrelor Locale care izbutesc \u00een comunit\u0103\u021bi care nu au o afluen\u021b\u0103 continu\u0103 de tineri. Pentru c\u0103 \u00een mod normal dureaz\u0103 mai multe luni p\u00e2n\u0103 &hellip; <a href=\"https:\/\/yeti.albascout.ro\/blog\/despre-cercetasie-si-initiative-locale-tedxdrobetaturnuseverin\/\" class=\"more-link\">Continu\u0103 s\u0103 cite\u0219ti <span class=\"screen-reader-text\">Despre cercet\u0103\u0219ie \u0219i ini\u021biative locale la TEDxDrobetaTurnuSeverin<\/span><\/a><\/p>\n","protected":false},"author":1,"featured_media":8186,"comment_status":"open","ping_status":"open","sticky":false,"template":"","format":"standard","meta":{"jetpack_post_was_ever_published":false,"_jetpack_newsletter_access":"","_jetpack_dont_email_post_to_subs":false,"_jetpack_newsletter_tier_id":0,"_jetpack_memberships_contains_paywalled_content":false,"_jetpack_memberships_contains_paid_content":false,"footnotes":""},"categories":[556,563],"tags":[589,782,843],"class_list":["post-8170","post","type-post","status-publish","format-standard","has-post-thumbnail","hentry","category-cercetasi","category-parerea-mea","tag-cercetai","tag-consiliul-director","tag-tedx"],"jetpack_featured_media_url":"https:\/\/yeti.albascout.ro\/blog\/wp-content\/uploads\/2018\/11\/45303261_1953804224704095_5727581417429270528_n.jpg","jetpack_sharing_enabled":true,"_links":{"self":[{"href":"https:\/\/yeti.albascout.ro\/blog\/wp-json\/wp\/v2\/posts\/8170","targetHints":{"allow":["GET"]}}],"collection":[{"href":"https:\/\/yeti.albascout.ro\/blog\/wp-json\/wp\/v2\/posts"}],"about":[{"href":"https:\/\/yeti.albascout.ro\/blog\/wp-json\/wp\/v2\/types\/post"}],"author":[{"embeddable":true,"href":"https:\/\/yeti.albascout.ro\/blog\/wp-json\/wp\/v2\/users\/1"}],"replies":[{"embeddable":true,"href":"https:\/\/yeti.albascout.ro\/blog\/wp-json\/wp\/v2\/comments?post=8170"}],"version-history":[{"count":8,"href":"https:\/\/yeti.albascout.ro\/blog\/wp-json\/wp\/v2\/posts\/8170\/revisions"}],"predecessor-version":[{"id":8191,"href":"https:\/\/yeti.albascout.ro\/blog\/wp-json\/wp\/v2\/posts\/8170\/revisions\/8191"}],"wp:featuredmedia":[{"embeddable":true,"href":"https:\/\/yeti.albascout.ro\/blog\/wp-json\/wp\/v2\/media\/8186"}],"wp:attachment":[{"href":"https:\/\/yeti.albascout.ro\/blog\/wp-json\/wp\/v2\/media?parent=8170"}],"wp:term":[{"taxonomy":"category","embeddable":true,"href":"https:\/\/yeti.albascout.ro\/blog\/wp-json\/wp\/v2\/categories?post=8170"},{"taxonomy":"post_tag","embeddable":true,"href":"https:\/\/yeti.albascout.ro\/blog\/wp-json\/wp\/v2\/tags?post=8170"}],"curies":[{"name":"wp","href":"https:\/\/api.w.org\/{rel}","templated":true}]}}