{"id":700,"date":"2009-12-05T15:42:12","date_gmt":"2009-12-05T18:42:12","guid":{"rendered":"http:\/\/yeti.albascout.ro\/blog\/?p=700"},"modified":"2009-12-05T15:42:12","modified_gmt":"2009-12-05T18:42:12","slug":"tradi%c8%9bia-continua","status":"publish","type":"post","link":"https:\/\/yeti.albascout.ro\/blog\/tradi%c8%9bia-continua\/","title":{"rendered":"Tradi\u021bia continu\u0103"},"content":{"rendered":"<p>Ne-am dorit ca, de\u0219i nu am f\u0103cut festivalul cu tot ce implic\u0103 el, tradi\u021bia UP s\u0103 fie dus\u0103 mai departe, \u0219i s\u0103 facem totu\u0219i ceva ca s\u0103 marc\u0103m \u00eenc\u0103 un 1 Decembrie la Alba Iulia. Ie\u0219irea din weekend (din postul trecut) nu \u0219i-a propus \u00een nici un fel asta, acolo ne-am propus doar s\u0103 ne relaxam \u0219i s\u0103 facem pu\u021bintel teambuilding.<\/p>\n<p>Luni seara, pe 30 Noiembrie, de Sf\u00e2ntul Andrei, am reu\u0219it s\u0103 ne str\u00e2ngem la Alba Iulia, at\u00e2t albaiulieni c\u00e2t \u0219i o m\u00e2n\u0103 de lideri din \u021bar\u0103. Au fost cerceta\u0219i de peste tot, o parte veni\u021bi de la Cluj special, o parte veni\u021bi de la atelierul de f\u0103cut \u021buic\u0103 a lui Gherman, de la Cioclovina. Am fost cerceta\u0219i de la <strong>G\u0103e\u0219ti, Timi\u0219oara<\/strong>, Tg. Mure\u0219, Miercurea Ciuc, Sinaia, Bucure\u0219ti, Dej, Arad, Cluj \u0219i evident Alba Iulia (sper c\u0103 n-am uitat pe nimeni! :). Dup\u0103 un pic de warm-up \u00een Pub13, ne-am mutat \u00eentr-un local \u00een \u0219an\u021buri, Gotic, unde era ceva mai lini\u0219te \u0219i mai mult\u0103 lumin\u0103.<\/p>\n<p>Am c\u00e2ntat, am cinstit o bere, am mai c\u00e2ntat ceva, am \u021binut localul deschis p\u00e2n\u0103 pe la 3 (\u00een condi\u021biile \u00een care \u00een mod normal se \u00eenchide la 12 :D). La final am mul\u021bumit chelnerului, \u0219i cu o pauz\u0103 la Metzgerei (la <strong>\u0219aaaaorma <\/strong>:P), ne-am \u00eendreptat spre noua sal\u0103 a UP, apartamentul lu&#8217; Iuli. Mai pe larg despre asta pute\u021bi citi <a href=\"http:\/\/iuliagus.blogspot.com\/2009\/12\/fara-festival-dar-cu-unitate-si.html\">la ea<\/a> :)<\/p>\n<p>Sunt fericit c\u0103 am reu\u0219it s\u0103 ducem tradi\u021bia mai departe, \u0219i c\u0103 a\u0219a mul\u021bi cerceta\u0219i au venit, din proprie ini\u021biativ\u0103, din iner\u021bie, \u0219i din aceea\u0219i dorin\u021b\u0103 de a continua o tradi\u021bie pe care am sim\u021bit-o \u0219i noi.<\/p>\n<p>Sunt c\u00e2teva poze, de la <a href=\"http:\/\/picasaweb.google.com\/Laura.Pinguin\/UpThingy#\">Andra<\/a>, spre exemplu:<\/p>\n<figure id=\"attachment_701\" aria-describedby=\"caption-attachment-701\" style=\"width: 300px\" class=\"wp-caption alignnone\"><a href=\"http:\/\/yeti.albascout.ro\/blog\/wp-content\/uploads\/2009\/12\/DSC_6310.jpg\"><img loading=\"lazy\" decoding=\"async\" class=\"size-medium wp-image-701\" title=\"DSC_6310\" src=\"http:\/\/yeti.albascout.ro\/blog\/wp-content\/uploads\/2009\/12\/DSC_6310-300x199.jpg\" alt=\"\" width=\"300\" height=\"199\" \/><\/a><figcaption id=\"caption-attachment-701\" class=\"wp-caption-text\">la Gotic<\/figcaption><\/figure>\n","protected":false},"excerpt":{"rendered":"<p>Ne-am dorit ca, de\u0219i nu am f\u0103cut festivalul cu tot ce implic\u0103 el, tradi\u021bia UP s\u0103 fie dus\u0103 mai departe, \u0219i s\u0103 facem totu\u0219i ceva ca s\u0103 marc\u0103m \u00eenc\u0103 un 1 Decembrie la Alba Iulia. Ie\u0219irea din weekend (din postul trecut) nu \u0219i-a propus \u00een nici un fel asta, acolo ne-am propus doar s\u0103 ne &hellip; <a href=\"https:\/\/yeti.albascout.ro\/blog\/tradi%c8%9bia-continua\/\" class=\"more-link\">Continu\u0103 s\u0103 cite\u0219ti <span class=\"screen-reader-text\">Tradi\u021bia continu\u0103<\/span><\/a><\/p>\n","protected":false},"author":1,"featured_media":0,"comment_status":"open","ping_status":"open","sticky":false,"template":"","format":"standard","meta":{"jetpack_post_was_ever_published":false,"_jetpack_newsletter_access":"","_jetpack_dont_email_post_to_subs":false,"_jetpack_newsletter_tier_id":0,"_jetpack_memberships_contains_paywalled_content":false,"_jetpack_memberships_contains_paid_content":false,"footnotes":""},"categories":[556],"tags":[718],"class_list":["post-700","post","type-post","status-publish","format-standard","hentry","category-cercetasi","tag-up12"],"jetpack_featured_media_url":"","jetpack_sharing_enabled":true,"_links":{"self":[{"href":"https:\/\/yeti.albascout.ro\/blog\/wp-json\/wp\/v2\/posts\/700","targetHints":{"allow":["GET"]}}],"collection":[{"href":"https:\/\/yeti.albascout.ro\/blog\/wp-json\/wp\/v2\/posts"}],"about":[{"href":"https:\/\/yeti.albascout.ro\/blog\/wp-json\/wp\/v2\/types\/post"}],"author":[{"embeddable":true,"href":"https:\/\/yeti.albascout.ro\/blog\/wp-json\/wp\/v2\/users\/1"}],"replies":[{"embeddable":true,"href":"https:\/\/yeti.albascout.ro\/blog\/wp-json\/wp\/v2\/comments?post=700"}],"version-history":[{"count":0,"href":"https:\/\/yeti.albascout.ro\/blog\/wp-json\/wp\/v2\/posts\/700\/revisions"}],"wp:attachment":[{"href":"https:\/\/yeti.albascout.ro\/blog\/wp-json\/wp\/v2\/media?parent=700"}],"wp:term":[{"taxonomy":"category","embeddable":true,"href":"https:\/\/yeti.albascout.ro\/blog\/wp-json\/wp\/v2\/categories?post=700"},{"taxonomy":"post_tag","embeddable":true,"href":"https:\/\/yeti.albascout.ro\/blog\/wp-json\/wp\/v2\/tags?post=700"}],"curies":[{"name":"wp","href":"https:\/\/api.w.org\/{rel}","templated":true}]}}