{"id":637,"date":"2009-11-11T19:29:20","date_gmt":"2009-11-11T22:29:20","guid":{"rendered":"http:\/\/yeti.albascout.ro\/blog\/?p=637"},"modified":"2009-11-11T19:29:20","modified_gmt":"2009-11-11T22:29:20","slug":"intalnirea-de-toamna-a-liderilor-2009","status":"publish","type":"post","link":"https:\/\/yeti.albascout.ro\/blog\/intalnirea-de-toamna-a-liderilor-2009\/","title":{"rendered":"\u00cent\u00e2lnirea de toamn\u0103 a liderilor 2009"},"content":{"rendered":"<p>Weekend-ul care numai ce s-a dus (5 &#8211; 8 noiembrie) am fost la munte, la Cabana \u0218ureanu, s\u0103 ne relax\u0103m \u0219i s\u0103 ne povestim, s\u0103 bem o gur\u0103 de vin \u0219i s\u0103 m\u00e2nc\u0103m o slan\u0103 cu ceap\u0103 :). Am urcat \u00een trei ture, 13 de joi, \u00eenc\u0103 o ga\u0219c\u0103 de vineri \u0219i c\u00e2\u021biva de s\u00e2mb\u0103t\u0103.<\/p>\n<p>Vremea nu a \u021binut cu noi, joi era ceva z\u0103pad\u0103, dar p\u00e2n\u0103 duminic\u0103 nici nu \u0219tiai c\u0103 a nins la munte. Joi am fost kaput, am dormit, eram terminat. Vineri am urcat \u0218ureanu cu P\u0103trat \u0219i cu Vl\u0103du\u021b, ceilal\u021bi au fost pe P\u0103tru. Vremea nu a fost foarte fericit\u0103, cea\u021b\u0103 \u0219i nor, \u0219i ud, am ajuns destul de mura\u021bi la cabana. Am mai b\u0103gat o tur\u0103 de somn, \u0219i o tur\u0103 de c\u00e2ntat. Au venit \u0219i ga\u0219ca de &#8222;b\u0103tr\u00e2ni&#8221;, am mai c\u00e2ntat \u0219i cu ei.<\/p>\n<p>S\u00e2mb\u0103t\u0103 m-am trezit odihnit \u0219i \u00eenfometat, dar cam t\u00e2rziu \u0219i toat\u0103 lumea era gata de plecare. Ini\u021bial am zis c\u0103 stau cumine \u0219i nu m\u0103 deplasez niciunde, dar m-a apucat a\u0219a un chef de tur\u0103, am luat rucsacul \u0219i m-am fug\u0103rit dup\u0103 restul grupului p\u00e2n\u0103 pe \u0218urean. Sus, erau mai mul\u021bi curajo\u0219i care voiau s\u0103 \u00eencerce o C\u00e2rpa, \u0219i cum plecasem la drum, am zis c\u0103 m\u0103 bag \u0219i eu. Era cea\u021b\u0103 \u0219i ur\u00e2t, \u0219i cum eu nu mai am echipament serios de ceva vreme, eram ud la picioare dup\u0103 prima jum\u0103tate de or\u0103.<\/p>\n<p>Am mers pe b\u00e2jb\u00e2ite, n-am ajuns la C\u00e2rpa, am intersectat traseul de Sarmizegetuza, \u0219i pe o cea\u021b\u0103 l\u0103ptoas\u0103 \u0219i pe un v\u00e2nt puternic am cobor\u00e2t \u00een vale, exact pe unde, acum doi ani, Bogdan, Dani \u0219i Niculaie s-au r\u0103t\u0103cit de n-au ajuns dec\u00e2t seara. Eram 9, am ajuns la o st\u00e2n\u0103, apoi la un drum, apoi la un drum mai mare, lacul Canciu, kilometri buni. La intersec\u021bia unde drumul care vine de la Cugir se desparte, o parte pentru Poarta Raiului \u0219i o parte pentru st\u00e2na de pe C\u00e2rpa, s-a decis c\u0103 ar fi bine s\u0103 o lu\u0103m c\u00e2\u021biva mai repede \u00eenainte, pentru c\u0103 se f\u0103cea sear\u0103 \u0219i poporul nu era echipat de noapte.<\/p>\n<p>Am gonit cu Mi\u021b\u0103 Varvara cei 7 km p\u00e2n\u0103 la caban\u0103, f\u0103r\u0103 s\u0103 deschidem lanterna dec\u00e2t la 3 km de Poarta Raiului. Am zburat p\u00e2n\u0103 \u00een Poart\u0103, a\u0219a la vreo 6 km\/h. Partea grea a fost la scurt\u0103tura aia de 15 minute prin p\u0103dure, unde \u0219i eu \u0219i Mi\u021b\u0103 am r\u0103mas f\u0103r\u0103 puteri, dar am ajuns p\u00e2n\u0103 la ora 8 sus la caban\u0103. Ga\u0219ca a plecat la recuperarea grupului r\u0103mas \u00een spate, dar nu i-au g\u0103sit. Lumea s-a agitat tare (de \u00een\u021beles de altfel), au urmat mai multe discu\u021bii, mai multe c\u0103ut\u0103ri, p\u00e2n\u0103 la urm\u0103 i-au g\u0103sit, preg\u0103ti\u021bi s\u0103 \u00eennopteze pe drumul ce urc\u0103 c\u0103tre Cabana Prislop (cum or ratat intersec\u021bia aia tot nu-mi dau seama :) ).<\/p>\n<p>Vremea nu a fost favorabil\u0103 f\u0103cutului de poze, dar Nico a prins <a href=\"http:\/\/picasaweb.google.com\/letaandra\/IesireaDeToamnaAAdultilor#\">c\u00e2teva<\/a>, \u0219i \u0218u\u0219man, dar de la el nu am link :P, \u0219i de la <a href=\"http:\/\/picasaweb.google.com\/dorapolicarp\/SureanuNoiembrie#\">Dora<\/a>.<\/p>\n<figure id=\"attachment_638\" aria-describedby=\"caption-attachment-638\" style=\"width: 300px\" class=\"wp-caption alignnone\"><a href=\"http:\/\/yeti.albascout.ro\/blog\/wp-content\/uploads\/2009\/11\/dscn3301.jpg\"><img loading=\"lazy\" decoding=\"async\" class=\"size-medium wp-image-638\" title=\"dscn3301\" src=\"http:\/\/yeti.albascout.ro\/blog\/wp-content\/uploads\/2009\/11\/dscn3301-300x168.jpg\" alt=\"\" width=\"300\" height=\"168\" \/><\/a><figcaption id=\"caption-attachment-638\" class=\"wp-caption-text\">V\u00e2rful \u0218ureanu de la Caban\u0103<\/figcaption><\/figure>\n","protected":false},"excerpt":{"rendered":"<p>Weekend-ul care numai ce s-a dus (5 &#8211; 8 noiembrie) am fost la munte, la Cabana \u0218ureanu, s\u0103 ne relax\u0103m \u0219i s\u0103 ne povestim, s\u0103 bem o gur\u0103 de vin \u0219i s\u0103 m\u00e2nc\u0103m o slan\u0103 cu ceap\u0103 :). Am urcat \u00een trei ture, 13 de joi, \u00eenc\u0103 o ga\u0219c\u0103 de vineri \u0219i c\u00e2\u021biva de s\u00e2mb\u0103t\u0103. &hellip; <a href=\"https:\/\/yeti.albascout.ro\/blog\/intalnirea-de-toamna-a-liderilor-2009\/\" class=\"more-link\">Continu\u0103 s\u0103 cite\u0219ti <span class=\"screen-reader-text\">\u00cent\u00e2lnirea de toamn\u0103 a liderilor 2009<\/span><\/a><\/p>\n","protected":false},"author":1,"featured_media":0,"comment_status":"open","ping_status":"open","sticky":false,"template":"","format":"standard","meta":{"jetpack_post_was_ever_published":false,"_jetpack_newsletter_access":"","_jetpack_dont_email_post_to_subs":false,"_jetpack_newsletter_tier_id":0,"_jetpack_memberships_contains_paywalled_content":false,"_jetpack_memberships_contains_paid_content":false,"footnotes":""},"categories":[556,562],"tags":[571,589,620],"class_list":["post-637","post","type-post","status-publish","format-standard","hentry","category-cercetasi","category-munte","tag-axente-sever","tag-cercetai","tag-ureanu"],"jetpack_featured_media_url":"","jetpack_sharing_enabled":true,"_links":{"self":[{"href":"https:\/\/yeti.albascout.ro\/blog\/wp-json\/wp\/v2\/posts\/637","targetHints":{"allow":["GET"]}}],"collection":[{"href":"https:\/\/yeti.albascout.ro\/blog\/wp-json\/wp\/v2\/posts"}],"about":[{"href":"https:\/\/yeti.albascout.ro\/blog\/wp-json\/wp\/v2\/types\/post"}],"author":[{"embeddable":true,"href":"https:\/\/yeti.albascout.ro\/blog\/wp-json\/wp\/v2\/users\/1"}],"replies":[{"embeddable":true,"href":"https:\/\/yeti.albascout.ro\/blog\/wp-json\/wp\/v2\/comments?post=637"}],"version-history":[{"count":0,"href":"https:\/\/yeti.albascout.ro\/blog\/wp-json\/wp\/v2\/posts\/637\/revisions"}],"wp:attachment":[{"href":"https:\/\/yeti.albascout.ro\/blog\/wp-json\/wp\/v2\/media?parent=637"}],"wp:term":[{"taxonomy":"category","embeddable":true,"href":"https:\/\/yeti.albascout.ro\/blog\/wp-json\/wp\/v2\/categories?post=637"},{"taxonomy":"post_tag","embeddable":true,"href":"https:\/\/yeti.albascout.ro\/blog\/wp-json\/wp\/v2\/tags?post=637"}],"curies":[{"name":"wp","href":"https:\/\/api.w.org\/{rel}","templated":true}]}}