{"id":606,"date":"2009-10-25T20:03:42","date_gmt":"2009-10-25T23:03:42","guid":{"rendered":"http:\/\/yeti.albascout.ro\/blog\/?p=606"},"modified":"2009-10-25T20:03:42","modified_gmt":"2009-10-25T23:03:42","slug":"deschiderea-anului-cerceta%c8%99esc-cluj-2009","status":"publish","type":"post","link":"https:\/\/yeti.albascout.ro\/blog\/deschiderea-anului-cerceta%c8%99esc-cluj-2009\/","title":{"rendered":"Deschiderea Anului Cercet\u0103\u0219esc, Cluj 2009"},"content":{"rendered":"<p><strong>Update<\/strong>: A pus \u0219i Andra pozele pe net, <a href=\"http:\/\/picasaweb.google.com\/Laura.Pinguin\/DeschidereaAnuluiCercetasesc2325Octombrie\">aici<\/a>.<\/p>\n<p>Numai ce-am plecat de la Deschiderea Anului Cercet\u0103\u0219esc, edi\u021bia 2009, un eveniment cercet\u0103\u0219esc realizat de Centrul Local Cluj Napoca \u00een weekendul \u0103sta. Am vrut s\u0103 mearg\u0103 cineva \u0219i de la Alba, pentru c\u0103 am crezut c\u0103 e o idee s\u0103 mai ie\u0219im din bubble-ul protector \u00een care ne-am \u00eenchis acum mai mul\u021bi ani de c\u00e2nd nu mai particip\u0103m la evenimente na\u021bionale.<\/p>\n<p>Paul a f\u0103cut o trup\u0103 de temerari, \u0219i au fost \u0219i ceva explo care au r\u0103spuns chem\u0103rii. Nu \u0219tiu exact de ce, \u00een ziua c\u00e2nd a trebuit s\u0103 dau lista s-au retras instant mai multe persoane, \u0219i am r\u0103mas cu echip\u0103 de 4 explo: Alexandra, Manase, Bogdan \u0219i Andrei.<\/p>\n<p>Vineri a fost un concert la care \u00eemi doream s\u0103 ajung, au c\u00e2ntat Puiu, Micii \u0219i Popicu La \u021aevi, dar am f\u0103cut 10 ore jumate cu InterCity-ul de la Bucure\u0219ti \u0219i n-am mai ajuns la concert (go, go, CFR!). Ne-am str\u00e2ns totu\u0219i \u00eentr-un loc, apoi \u00een altul, a venit \u0219i Sabu, au venit \u0219i Adi, Cubu \u0219i Bogdan din Timi\u0219oara \u0219i ne-am sim\u021bit foarte ok :)<\/p>\n<p>S\u00e2mb\u0103t\u0103 au ap\u0103rut \u0219i exploratorii \u0219i temerarii no\u0219tri, \u00eempreun\u0103 cu Paul. S\u00e2mb\u0103t\u0103 a fost un city challenge de diminea\u021ba, \u0219i o sear\u0103 de g\u0103tit, numit\u0103 seara ardelean\u0103. Pentru city challenge, eu, trezit dup\u0103 juma de or\u0103 de somn, am f\u0103cut echip\u0103 cu Iulia din Mure\u0219, cu Andra \u0219i cu Simo la punctul de sta\u021bie de la sta\u021bia de autobuz de pe strada Memorandumului, unde exploratorii trebuiau s\u0103 g\u0103seasc\u0103 un autobuz cu num\u0103r de serie c\u00e2t mai mic, \u0219i s\u0103 inventeze acolo pe loc o diplom\u0103 \u0219i s\u0103 i-o ofere \u0219oferului :). Traseul pentru exploratori a avut 10 puncte, cu un punct adi\u021bional la sf\u00e2r\u0219it, \u00een care patrulele trebuiau s\u0103 interpreteze o scen\u0103 din Romeo \u0219i Julieta la balcoanele din curtea interioar\u0103 a Muzeului de Art\u0103.<\/p>\n<p>N-am avut tangen\u021be foarte mari cu traseul de temerari, am fost doar \u00een vizit\u0103 la Paul care era sta\u021bionat la statuia lui Avram Iancu, unde temerarii trebuiau s\u0103 \u00eencercuie f\u00e2nt\u00e2na cu un pai imens f\u0103cut din mai multe paie :)<\/p>\n<p>Ambele trasee s-au \u00eencheiat pe Cet\u0103\u021buie, dup\u0103 aia pr\u00e2nzul, \u0219i un pic mai t\u00e2rziu un moment imagine \u00een spatele (care nu-i fa\u021ba) teatrului na\u021bional.<\/p>\n<p>Seara ardelean\u0103 s-a organizat la sal\u0103, unde centrele locale au g\u0103tit c\u00e2te un fel de m\u00e2ncare. A fost acolo pit\u0103 cu unsoare \u0219i cu ceap\u0103 (bestof), o toc\u0103ni\u021b\u0103 de cartofi, salam de biscui\u021bi (mai iute cartabo\u0219, dar nah, foarte cul :P), ceva pr\u0103jiturele \u0219i a noastr\u0103 m\u0103m\u0103lig\u0103 cu slan\u0103, lapte \u0219i br\u00e2nz\u0103.<\/p>\n<p>S\u00e2mb\u0103t\u0103 seara ne-am \u00eent\u00e2lnit \u00een ora\u0219 \u0219i am discutat c\u00e2te una c\u00e2te alta cu vechi prieteni, lideri, dar pe la 3 am cedat \u0219i m-am dus s\u0103 dorm. Pe la 7 a sunat un ceas, m-am uitat la al meu, am pl\u00e2ns c\u00e2 tre s\u0103 m\u0103 trezesc, am dat un auto-update la ceas \u0219i s-o f\u0103cut 6, c\u0103 s-o schimbat ora, am dormit la loc :).<\/p>\n<p>Duminic\u0103 a fost doar festivitatea de \u00eenchidere, \u0219i c\u00e2teva jocuri. Noi am mers la o pr\u0103jitur\u0103, s\u0103 b\u0103gam ceva zah\u0103r \u00een noi, apoi am dat o tur\u0103 prin Gr\u0103dina Botanic\u0103, \u0219i am luat un microbuz c\u0103tre cas\u0103.<\/p>\n<p>Am pus c\u00e2teva poze pe <a href=\"http:\/\/picasaweb.google.com\/andrei.avram\/DeschidereaAnuluiCercetasesc#\">Picasa<\/a>, n-am reu\u0219it s\u0103 fac foarte multe pentru c\u0103 nu \u00eemi g\u0103sesc cardul \u0219i eram cu unul de \u00eemprumu (mul\u021bumesc Andra), a\u0219tept\u0103m \u0219i poze de la al\u021bi participan\u021bi :)<\/p>\n<figure id=\"attachment_607\" aria-describedby=\"caption-attachment-607\" style=\"width: 168px\" class=\"wp-caption alignnone\"><a href=\"http:\/\/yeti.albascout.ro\/blog\/wp-content\/uploads\/2009\/10\/dscn3250.jpg\"><img loading=\"lazy\" decoding=\"async\" class=\"size-medium wp-image-607\" title=\"dscn3250\" src=\"http:\/\/yeti.albascout.ro\/blog\/wp-content\/uploads\/2009\/10\/dscn3250-168x300.jpg\" alt=\"Turnul din Gr\u0103dina Botanic\u0103\" width=\"168\" height=\"300\" \/><\/a><figcaption id=\"caption-attachment-607\" class=\"wp-caption-text\">Turnul din Gr\u0103dina Botanic\u0103<\/figcaption><\/figure>\n<p>&nbsp;<\/p>\n","protected":false},"excerpt":{"rendered":"<p>Update: A pus \u0219i Andra pozele pe net, aici. Numai ce-am plecat de la Deschiderea Anului Cercet\u0103\u0219esc, edi\u021bia 2009, un eveniment cercet\u0103\u0219esc realizat de Centrul Local Cluj Napoca \u00een weekendul \u0103sta. Am vrut s\u0103 mearg\u0103 cineva \u0219i de la Alba, pentru c\u0103 am crezut c\u0103 e o idee s\u0103 mai ie\u0219im din bubble-ul protector \u00een &hellip; <a href=\"https:\/\/yeti.albascout.ro\/blog\/deschiderea-anului-cerceta%c8%99esc-cluj-2009\/\" class=\"more-link\">Continu\u0103 s\u0103 cite\u0219ti <span class=\"screen-reader-text\">Deschiderea Anului Cercet\u0103\u0219esc, Cluj 2009<\/span><\/a><\/p>\n","protected":false},"author":1,"featured_media":0,"comment_status":"open","ping_status":"open","sticky":false,"template":"","format":"standard","meta":{"jetpack_post_was_ever_published":false,"_jetpack_newsletter_access":"","_jetpack_dont_email_post_to_subs":false,"_jetpack_newsletter_tier_id":0,"_jetpack_memberships_contains_paywalled_content":false,"_jetpack_memberships_contains_paid_content":false,"footnotes":""},"categories":[556],"tags":[571,589,596],"class_list":["post-606","post","type-post","status-publish","format-standard","hentry","category-cercetasi","tag-axente-sever","tag-cercetai","tag-cluj"],"jetpack_featured_media_url":"","jetpack_sharing_enabled":true,"_links":{"self":[{"href":"https:\/\/yeti.albascout.ro\/blog\/wp-json\/wp\/v2\/posts\/606","targetHints":{"allow":["GET"]}}],"collection":[{"href":"https:\/\/yeti.albascout.ro\/blog\/wp-json\/wp\/v2\/posts"}],"about":[{"href":"https:\/\/yeti.albascout.ro\/blog\/wp-json\/wp\/v2\/types\/post"}],"author":[{"embeddable":true,"href":"https:\/\/yeti.albascout.ro\/blog\/wp-json\/wp\/v2\/users\/1"}],"replies":[{"embeddable":true,"href":"https:\/\/yeti.albascout.ro\/blog\/wp-json\/wp\/v2\/comments?post=606"}],"version-history":[{"count":0,"href":"https:\/\/yeti.albascout.ro\/blog\/wp-json\/wp\/v2\/posts\/606\/revisions"}],"wp:attachment":[{"href":"https:\/\/yeti.albascout.ro\/blog\/wp-json\/wp\/v2\/media?parent=606"}],"wp:term":[{"taxonomy":"category","embeddable":true,"href":"https:\/\/yeti.albascout.ro\/blog\/wp-json\/wp\/v2\/categories?post=606"},{"taxonomy":"post_tag","embeddable":true,"href":"https:\/\/yeti.albascout.ro\/blog\/wp-json\/wp\/v2\/tags?post=606"}],"curies":[{"name":"wp","href":"https:\/\/api.w.org\/{rel}","templated":true}]}}