{"id":541,"date":"2009-09-27T17:39:58","date_gmt":"2009-09-27T20:39:58","guid":{"rendered":"http:\/\/yeti.albascout.ro\/blog\/?p=541"},"modified":"2009-09-27T17:39:58","modified_gmt":"2009-09-27T20:39:58","slug":"cros-petrom-2009","status":"publish","type":"post","link":"https:\/\/yeti.albascout.ro\/blog\/cros-petrom-2009\/","title":{"rendered":"Cros Petrom 2009"},"content":{"rendered":"<p>Am fost azi la <a href=\"http:\/\/metropotam.ro\/Crosul-Petrom\/2009\/09\/art7975799535-Crosul-Petrom-editia-IV\/\">Crosul Petrom, edi\u021bia 4, 2009<\/a>. Acela\u0219i traseu, aceea\u0219i atmosfer\u0103 ca \u0219i <a href=\"http:\/\/yeti.albascout.ro\/blog\/?p=49\">data trecut\u0103<\/a> c\u00e2nd am fost (acum 2 ani): 3.7 km, de la Biscuite (pia\u021ba Charles de Gaule), pe la Arcul de Triumf, Pia\u021ba Victoriei, \u0219i \u00eenapoi pe Aviatorilor. Participan\u021bii au primit tricouri, \u0219i, la \u00eentoarcerea din traseu o sticl\u0103 de ap\u0103 pentru hidratare. Din ce zicea b\u0103iatu \u0103la de vorbea la microfon (un gr\u0103s\u0103u de-i zice M\u00e2ndru\u021b\u0103), erau a\u0219a la vreo 2000 de participan\u021bi \u00eenscri\u0219i.<\/p>\n<p>Spre deosebire de data trecut\u0103, de data asta am reu\u0219it s\u0103 parcurg toat\u0103 distan\u021ba f\u0103r\u0103 s\u0103 m\u0103 opresc :) Totu\u0219i, nu am ajuns \u00een top 200, deci nu am primit bile\u021bel s\u0103 dovedesc c\u00e2t de cul am fost :P<\/p>\n<p>\u00cemi pare r\u0103u c\u0103 nu am avut aparatul cu mine, era o idee s\u0103 fac c\u00e2teva poze s\u0103 se vad\u0103 ce de lume era pe-acolo. Or fost \u0219i premii pe categorii de v\u00e2rst\u0103, da numa meseria\u0219ii adev\u0103ra\u021bi or ajuns pe-acolo :) Eu (ca \u0219i majoritatea celorlal\u021bi de acolo) am mers s\u0103 fug, s\u0103 v\u0103d cum am progresat de data trecut\u0103. \u00cen plus, Petrom zice c\u0103 face 1m de pist\u0103 de biciclete pentru fiecare participant la cros. Deci e rost de \u00eenc\u0103 2km de pist\u0103 de biciclete p\u00e2n\u0103 la anu :)<\/p>\n","protected":false},"excerpt":{"rendered":"<p>Am fost azi la Crosul Petrom, edi\u021bia 4, 2009. Acela\u0219i traseu, aceea\u0219i atmosfer\u0103 ca \u0219i data trecut\u0103 c\u00e2nd am fost (acum 2 ani): 3.7 km, de la Biscuite (pia\u021ba Charles de Gaule), pe la Arcul de Triumf, Pia\u021ba Victoriei, \u0219i \u00eenapoi pe Aviatorilor. Participan\u021bii au primit tricouri, \u0219i, la \u00eentoarcerea din traseu o sticl\u0103 de &hellip; <a href=\"https:\/\/yeti.albascout.ro\/blog\/cros-petrom-2009\/\" class=\"more-link\">Continu\u0103 s\u0103 cite\u0219ti <span class=\"screen-reader-text\">Cros Petrom 2009<\/span><\/a><\/p>\n","protected":false},"author":1,"featured_media":0,"comment_status":"open","ping_status":"open","sticky":false,"template":"","format":"standard","meta":{"jetpack_post_was_ever_published":false,"_jetpack_newsletter_access":"","_jetpack_dont_email_post_to_subs":false,"_jetpack_newsletter_tier_id":0,"_jetpack_memberships_contains_paywalled_content":false,"_jetpack_memberships_contains_paid_content":false,"footnotes":""},"categories":[558],"tags":[],"class_list":["post-541","post","type-post","status-publish","format-standard","hentry","category-gramada"],"jetpack_featured_media_url":"","jetpack_sharing_enabled":true,"_links":{"self":[{"href":"https:\/\/yeti.albascout.ro\/blog\/wp-json\/wp\/v2\/posts\/541","targetHints":{"allow":["GET"]}}],"collection":[{"href":"https:\/\/yeti.albascout.ro\/blog\/wp-json\/wp\/v2\/posts"}],"about":[{"href":"https:\/\/yeti.albascout.ro\/blog\/wp-json\/wp\/v2\/types\/post"}],"author":[{"embeddable":true,"href":"https:\/\/yeti.albascout.ro\/blog\/wp-json\/wp\/v2\/users\/1"}],"replies":[{"embeddable":true,"href":"https:\/\/yeti.albascout.ro\/blog\/wp-json\/wp\/v2\/comments?post=541"}],"version-history":[{"count":0,"href":"https:\/\/yeti.albascout.ro\/blog\/wp-json\/wp\/v2\/posts\/541\/revisions"}],"wp:attachment":[{"href":"https:\/\/yeti.albascout.ro\/blog\/wp-json\/wp\/v2\/media?parent=541"}],"wp:term":[{"taxonomy":"category","embeddable":true,"href":"https:\/\/yeti.albascout.ro\/blog\/wp-json\/wp\/v2\/categories?post=541"},{"taxonomy":"post_tag","embeddable":true,"href":"https:\/\/yeti.albascout.ro\/blog\/wp-json\/wp\/v2\/tags?post=541"}],"curies":[{"name":"wp","href":"https:\/\/api.w.org\/{rel}","templated":true}]}}