{"id":483,"date":"2009-08-11T14:33:44","date_gmt":"2009-08-11T17:33:44","guid":{"rendered":"http:\/\/yeti.albascout.ro\/blog\/?p=483"},"modified":"2009-08-11T14:33:44","modified_gmt":"2009-08-11T17:33:44","slug":"fost-am-in-padi%c8%99","status":"publish","type":"post","link":"https:\/\/yeti.albascout.ro\/blog\/fost-am-in-padi%c8%99\/","title":{"rendered":"Fost-am \u00een Padi\u0219"},"content":{"rendered":"<p>Ieri sear\u0103 m-am \u00eentors din Padi\u0219, unde am fost, dup\u0103 cum scriam acum c\u00e2teva zile, s\u0103 dau o m\u00e2n\u0103 de ajutor la preg\u0103tirea campului Scoutland 2009. Am plecat la 5:30 AM din Alba, cu Rare\u0219, \u0219i am ajuns \u00een Padi\u0219, la Gl\u0103voi mai exact, pe la ora 12. Era ceva popor acolo, mai mul\u021bi dec\u00e2t speram s\u0103 fie, dar cu mult mai pu\u021bini dec\u00e2t ar fi putut fi folosi\u021bi :)<\/p>\n<p>\u00cen prima zi am s\u0103pat. \u0218i am s\u0103pat. \u0218i am s\u0103pat. Am s\u0103pat 4 oameni la o groap\u0103 de 5m x 60 de cm x 50 de cm. Le-am spus c\u0103 dac\u0103 cei (maxim) 150 de participan\u021bi \u00een camp reu\u0219esc s\u0103 umple buda aia \u00eenainte de finalul campului, m\u0103 \u00eentorc \u0219i sap eu \u00eenca una <strong>singur<\/strong> :) (parc\u0103 v\u0103d c\u0103 \u00een doua zile tre s\u0103 m\u0103 \u00eentorc la ei s\u0103 mai sap :P). Joi a fost \u0219i singura sear\u0103 \u00een care am stat la foc \u0219i am c\u00e2ntat.<\/p>\n<p>Vineri am primit trezirea la 10, s\u0103 mergem dup\u0103 lemne. Lua\u021bi direct din sacu de dormit \u0219i pu\u0219i \u00een ma\u0219in\u0103, nu ne-am prea prins noi ce se \u00eent\u00e2mpl\u0103 c\u00e2nd p\u0103duraru ne-a oprit la un loc unde drumul fusese luat de ap\u0103 cu c\u00e2teva luni \u00eenainte. Numa dup\u0103 ce a ap\u0103rut tractoru cu ni\u0219te lemnoace care nu aveau leg\u0103tur\u0103 cu ce aveam noi nevoie am \u00eenceput s\u0103 ne prindem c\u0103 trebuia reparat drumu :) A\u0219a c\u0103, dup\u0103 ce am fost gropari o zi, am lucrat \u0219i la &#8222;drumuri \u0219i poduri&#8221; c\u00e2teva ore.<\/p>\n<p>Am primit lemne de la p\u0103durar, am mai f\u0103cut rost de o tur\u0103 de lemne din p\u0103dure, le-am transportat \u0219i pe alea \u00een camp. Apoi, am construit catargul, suspendat \u00een 3 puncte, \u0219i ne-am chinuit p\u00e2n\u0103 a venit seara s\u0103-l ridic\u0103m \u0219i s\u0103-l ancor\u0103m pe pozi\u021bie. Av\u00e2nd \u00een vedere c\u0103 timpul era scurt \u0219i m\u00e2na de lucru pu\u021bin\u0103, am decis s\u0103 lucr\u0103m, la lumina unui reflector alimentat de generator \u0219i noaptea. Dac\u0103 la c\u0103derea serii aveam doar groapa s\u0103pat\u0103 cu o zi \u00eenainte, pe la ora 2:30 AM aveam o structur\u0103 solid\u0103 pentru bud\u0103.<\/p>\n<p>S\u00e2mb\u0103t\u0103 diminea\u021ba am terminat structura de rezisten\u021b\u0103 pentru bud\u0103, placajele pe care se st\u0103, \u0219i fetele au montat foliile de jur \u00eemprejur \u0219i u\u0219ile. S\u00e2mb\u0103t\u0103 a mai fost nevoie de o tur\u0103 de lemne de construc\u021bii, a\u0219a c\u0103 am mai umplut odata ma\u0219ina lui Alex cu lemne. C\u00e2t a mai fost lumin\u0103 am lucrat la turnul de ap\u0103, \u0219i la frigiderul pentru m\u00e2ncare (o groap\u0103 de 1 x 1 x 1 e mult mai greu de ob\u021binut dec\u00e2t s-ar p\u0103rea :P). Seara, ne-am dat seama c\u0103 turnul de ap\u0103 este prea jos, a\u0219a c\u0103 Iulian a sugerat s\u0103 cl\u0103dim un trepied peste structura existent\u0103, care s\u0103 fie b\u0103tut \u00een piroane sus.<\/p>\n<p>Cu lumin\u0103 generator-powered am construit \u0219i structura de rezisten\u021b\u0103 pentru cele 6 du\u0219uri, \u0219i apoi am \u00eencercat, \u00eempreun\u0103 cu b\u0103ie\u021bii de la MASH, s\u0103 punem sus trepiedul pe turnul cu ap\u0103. Dup\u0103 jum\u0103tate de or\u0103 de planuri, \u0219i alt\u0103 jum\u0103tate de or\u0103 de tentative e\u0219uate, am renun\u021bat. Duminic\u0103 diminea\u021ba c\u00e2nd m-am trezit, Iulian pusese deja trepiedul sus, dup\u0103 ce-l scurtase totu\u0219i \u00een prealabil. Duminic\u0103 \u00eencep\u00e2nd cu ora 10, au \u00eenceput s\u0103 vin\u0103 deja copii. Ai no\u0219tri au ajuns undeva pe la ora 3, pe o ploaie de-aia a la Padi\u0219.<\/p>\n<p>Seara a fost deschiderea oficial\u0103 a campului, cu poveste \u0219i ridicarea steagurilor, \u0219i a ie\u0219it foarte OK. Luni, adic\u0103 ieri, noi ne-am luat la revedere, \u0219i ne-am \u00eendreptat spre Arie\u0219eni, de unde tat\u0103l Nicilor ne-a adus acas\u0103 pentru c\u0103 autobuzul de Arie\u0219eni func\u021bioneaz\u0103 cum vrea el.<\/p>\n<p>Le urez succes temerarilor no\u0219tri, dar \u0219i liderilor din echipa de organizare a ScoutLand 2009, \u0219i a\u0219tept cu ner\u0103bdare poze dup\u0103 sosirea acas\u0103 :).<\/p>\n<p>Avem \u0219i dovezi, de la <a href=\"http:\/\/picasaweb.google.com\/letaandra\/ScoutLandAugust2009\">Nico<\/a> \u0219i de la <a href=\"http:\/\/picasaweb.google.com\/andrei.avram\/PreScoutLand2009#\">mine<\/a>.<\/p>\n","protected":false},"excerpt":{"rendered":"<p>Ieri sear\u0103 m-am \u00eentors din Padi\u0219, unde am fost, dup\u0103 cum scriam acum c\u00e2teva zile, s\u0103 dau o m\u00e2n\u0103 de ajutor la preg\u0103tirea campului Scoutland 2009. Am plecat la 5:30 AM din Alba, cu Rare\u0219, \u0219i am ajuns \u00een Padi\u0219, la Gl\u0103voi mai exact, pe la ora 12. Era ceva popor acolo, mai mul\u021bi dec\u00e2t &hellip; <a href=\"https:\/\/yeti.albascout.ro\/blog\/fost-am-in-padi%c8%99\/\" class=\"more-link\">Continu\u0103 s\u0103 cite\u0219ti <span class=\"screen-reader-text\">Fost-am \u00een Padi\u0219<\/span><\/a><\/p>\n","protected":false},"author":1,"featured_media":0,"comment_status":"open","ping_status":"open","sticky":false,"template":"","format":"standard","meta":{"jetpack_post_was_ever_published":false,"_jetpack_newsletter_access":"","_jetpack_dont_email_post_to_subs":false,"_jetpack_newsletter_tier_id":0,"_jetpack_memberships_contains_paywalled_content":false,"_jetpack_memberships_contains_paid_content":false,"footnotes":""},"categories":[556,562],"tags":[677,710],"class_list":["post-483","post","type-post","status-publish","format-standard","hentry","category-cercetasi","category-munte","tag-padi","tag-temerari"],"jetpack_featured_media_url":"","jetpack_sharing_enabled":true,"_links":{"self":[{"href":"https:\/\/yeti.albascout.ro\/blog\/wp-json\/wp\/v2\/posts\/483","targetHints":{"allow":["GET"]}}],"collection":[{"href":"https:\/\/yeti.albascout.ro\/blog\/wp-json\/wp\/v2\/posts"}],"about":[{"href":"https:\/\/yeti.albascout.ro\/blog\/wp-json\/wp\/v2\/types\/post"}],"author":[{"embeddable":true,"href":"https:\/\/yeti.albascout.ro\/blog\/wp-json\/wp\/v2\/users\/1"}],"replies":[{"embeddable":true,"href":"https:\/\/yeti.albascout.ro\/blog\/wp-json\/wp\/v2\/comments?post=483"}],"version-history":[{"count":0,"href":"https:\/\/yeti.albascout.ro\/blog\/wp-json\/wp\/v2\/posts\/483\/revisions"}],"wp:attachment":[{"href":"https:\/\/yeti.albascout.ro\/blog\/wp-json\/wp\/v2\/media?parent=483"}],"wp:term":[{"taxonomy":"category","embeddable":true,"href":"https:\/\/yeti.albascout.ro\/blog\/wp-json\/wp\/v2\/categories?post=483"},{"taxonomy":"post_tag","embeddable":true,"href":"https:\/\/yeti.albascout.ro\/blog\/wp-json\/wp\/v2\/tags?post=483"}],"curies":[{"name":"wp","href":"https:\/\/api.w.org\/{rel}","templated":true}]}}