{"id":4630,"date":"2017-04-19T18:35:42","date_gmt":"2017-04-19T16:35:42","guid":{"rendered":"http:\/\/yeti.albascout.ro\/blog\/?p=4630"},"modified":"2017-04-22T17:34:01","modified_gmt":"2017-04-22T15:34:01","slug":"aventura-n-apuseni-episodul-i","status":"publish","type":"post","link":"https:\/\/yeti.albascout.ro\/blog\/aventura-n-apuseni-episodul-i\/","title":{"rendered":"Aventura-n Apuseni &#8211; episodul I"},"content":{"rendered":"<p><em><strong>Oare cum ar fi s\u0103 mergem pe jos de la\u00a0Cluj la Alba?<\/strong><\/em><\/p>\n<p>\u00cen provocarea\u00a0continu\u0103 de a g\u0103si activit\u0103\u021bi care s\u0103 r\u0103spund\u0103 nevoilor \u0219i posibilit\u0103\u021bilor seniorilor no\u0219tri,\u00a0am c\u0103utat s\u0103 g\u0103sim\u00a0o aventur\u0103 maxim\u0103\u00a0cu costuri minime, accesibil\u0103 pentru to\u021bi seniorii. Una din idei a fost \u00eentrebarea de mai sus. \u0218i am pus-o \u00een practic\u0103. Mai bine zis, am \u00eencercat.<\/p>\n<p>Trebuie s\u0103 recunosc c\u0103 dup\u0103 <a href=\"http:\/\/yeti.albascout.ro\/blog\/cum-am-ajuns-din-sureanu-la-cioclovina\/\">aventura-n mun\u021bii \u0218ureanu din 2015<\/a>, am avut \u0219i un obiectiv personal &#8211; ideea de a m\u0103 pierde prin mun\u021bi cu scop \u00eemi sur\u00e2de. Via\u021ba \u00een natur\u0103 \u00eemi prie\u0219te, \u0219i c\u0103l\u0103torului \u00eei st\u0103 bine cu drumul. De aceea, chiar dac\u0103 n-am avut \u00eentr-un final nici un senior cu noi, cei ini\u021bial interesa\u021bi renun\u021b\u00e2nd mai din timp sau mai \u00een ultimul moment la aceast\u0103 aventur\u0103, am decis s\u0103 mergem \u00eenainte cu ac\u021biunea.<\/p>\n<p><em>Pentru c\u0103 m-am apucat de scris \u0219i nu m-am mai oprit, am decis s\u0103 buc\u0103\u021besc povestea asta \u00een\u00a0patru &#8211; primele dou\u0103 zile (prima a fost scurt\u0103) \u0219i apoi fiecare zi p\u00e2n\u0103 la\u00a0sosirea glorioas\u0103 \u00een Alba Iulia duminic\u0103 seara, cu ma\u0219ina, dup\u0103 ce-am r\u0103mas cu prea mult drum la sf\u00e2r\u0219itul concediului.<\/em><\/p>\n<p><!--more--><\/p>\n<h2><strong>Ziua 1 &#8211; miercuri: \u00cenc\u0103lzirea<\/strong><\/h2>\n<p>E miercuri\u00a0\u0219i a\u0219a ne-am f\u0103cut calculele c\u0103 plec\u0103m dup\u0103-masa, ca s\u0103 nu trebuiasc\u0103 s\u0103 ne lu\u0103m \u00eenc\u0103 o zi liber\u0103. \u00cent\u00e2rziu un pic la \u00eent\u00e2lnirea din Pia\u021ba Unirii unde \u00eei g\u0103sesc, pe l\u00e2ng\u0103 co-echipierele mele pentru urm\u0103toarele patru zile &#8211; Florina \u0219i Paula, dar \u0219i pe P\u0103trat \u0219i pe Ale Ro\u0219ioar\u0103. Planul original spunea c\u0103\u00a0mergem pe jos din Pia\u021ba Unirii din Cluj \u00een Pia\u021ba Cet\u0103\u021bii din Alba. Avem \u0219i \u00een Alba Pia\u021ba Unirii, da nu-i a\u0219a cool.<\/p>\n<p>Ne lu\u0103m la revedere de la &#8222;suporteri&#8221; \u0219i \u00eencepem s\u0103 mergem prin ora\u0219 g\u00e2ndindu-ne cu glas tare dac\u0103 nu cumva am uitat ceva. Am\u00a0trecut prin <a href=\"http:\/\/yeti.albascout.ro\/blog\/ce-iei-cu-tine-cand-pleci-pe-poteci-noi\/\">list\u0103<\/a> de trei ori azi, nu cred c\u0103 mai e nimic neacoperit &#8211; eventual o cartel\u0103 Telekom, c\u0103 sunt locuri prin Apuseni unde Cosmote era rege \u0219i unic furnizor de servicii. Suntem \u00een ora\u0219, \u00een aglomera\u021bie, \u0219i Irina\u00a0ne recunoa\u0219te st\u00e2nd \u00een ma\u0219in\u0103 la semafor \u0219i ne claxoneaz\u0103 s\u0103 ne ureze succes. Prietenii no\u0219trii \u0219tiu c\u0103 o lu\u0103m razna pe dealuri, avem \u0219i <a href=\"https:\/\/www.facebook.com\/apuseniadventuretime\/\">o pagin\u0103 de Facebook<\/a> s\u0103-i \u021binem la curent, pesemne \u0219i Irina e printre followerii no\u0219tri. Florina intr\u0103 \u00eentr-un magazin \u0219i ia cod de re\u00eenc\u0103rcare, dar nu \u0219i cartel\u0103 cu num\u0103r; ne d\u0103m seama\u00a0mai t\u00e2rziu, dar chiar dac\u0103 mai \u00eencerc\u0103m la dou\u0103 magazine mai prin M\u0103n\u0103\u0219tur, e deja ora 19 \u0219i toat\u0103 lumea \u00eenchide. O s\u0103 g\u0103sim cartel\u0103 Telekom abia s\u00e2mb\u0103t\u0103 la pr\u00e2nz, la S\u0103lciua, dar o s\u0103 ne prind\u0103 bine.<\/p>\n<p>Ie\u0219im din nebunia ora\u0219ului \u0219i \u00eencepem s\u0103 urc\u0103m \u00een p\u0103durea F\u0103get pe l\u00e2ng\u0103 cartierul Citedela &#8211; Florina se recunoa\u0219te cu cineva, \u00eei poveste\u0219te cu ce ne ocup\u0103m, apoi ne \u00eent\u00e2lnim cu un fost coleg de-al meu de\u00a0la Spyhce &#8211;\u00a0parc\u0103 to\u021bi cunoscu\u021bii no\u0219tri au conspirat ca s\u0103 ne sus\u021bin\u0103. Clujul, care se \u00eentinde acum pe toat\u0103 valea Some\u0219ului \u00een spatele nostru, ne sus\u021bine.<\/p>\n<figure id=\"attachment_6610\" aria-describedby=\"caption-attachment-6610\" style=\"width: 660px\" class=\"wp-caption alignnone\"><a href=\"http:\/\/yeti.albascout.ro\/blog\/wp-content\/uploads\/2017\/04\/DSC_3260.jpg\"><img loading=\"lazy\" decoding=\"async\" class=\"size-large wp-image-6610\" src=\"http:\/\/yeti.albascout.ro\/blog\/wp-content\/uploads\/2017\/04\/DSC_3260-1024x681.jpg\" alt=\"\" width=\"660\" height=\"439\" srcset=\"https:\/\/yeti.albascout.ro\/blog\/wp-content\/uploads\/2017\/04\/DSC_3260-1024x681.jpg 1024w, https:\/\/yeti.albascout.ro\/blog\/wp-content\/uploads\/2017\/04\/DSC_3260-300x199.jpg 300w, https:\/\/yeti.albascout.ro\/blog\/wp-content\/uploads\/2017\/04\/DSC_3260-768x511.jpg 768w\" sizes=\"auto, (max-width: 660px) 100vw, 660px\" \/><\/a><figcaption id=\"caption-attachment-6610\" class=\"wp-caption-text\">Ultima vedere \u00eenapoi \u00eenspre Cluj<\/figcaption><\/figure>\n<p>Urc\u0103m\u00a0p\u0103durea F\u0103getului pe poteca clasic\u0103 \u0219i avem energie s\u0103 \u0219i povestim. Facem dreapta la drum \u0219i trecem prin sat ca \u0219i cum n-ar fi. \u00cencep s\u0103-mi simt rucsacul tot mai greu\u00a0\u0219i m\u0103 pune un pic pe g\u00e2nduri de cum o s\u0103 fie dup\u0103 mai multe\u00a0zile cu el a\u0219a. Din dorin\u021ba de a experimenta c\u00e2t mai multe, am luat tot felul de echipament &#8211; dar nu \u0219i foart\u0103 mult\u0103 m\u00e2ncare, c\u0103 prin Apuseni mai g\u0103sim magazine. \u00cen condi\u021biile astea, nu \u0219tiu cu ce-a\u0219 putea s\u0103-mi u\u0219urez rucsacul.<\/p>\n<p>Drumul pe care urc\u0103m este unul din traseele mele clasice de alergare \u0219i de pedalat. \u00cel \u0219tiu destul de bine, dar de data asta mi s-a p\u0103rut mult mai lung dec\u00e2t \u00eel \u0219tiam. C\u00e2nd ultimul fir de lumin\u0103 se stingea am ajuns pe platoul Ciurilei, \u00een cap\u0103tul de sus al satului S\u0103licea.<\/p>\n<p>E un loc OK pentru campare, foarte popular pentru gr\u0103tare \u00een weekend, singurul minus e c\u0103 nu are ap\u0103. Nu-i bai, mai avem noi. Oricum e cam momentul s\u0103 ne oprim\u00a0&#8211; \u00eentindem hamacele la frontal\u0103, \u00een p\u0103dure, oarecum \u00een pant\u0103. Pentru Paula e prima oar\u0103 cu campatul\u00a0la hamac, a\u0219a c\u0103 e o ocazie bun\u0103 pentru exerci\u021biu \u0219i experiment. Punem \u0219i prelatele, dar mai repede din obi\u0219nuin\u021b\u0103, nu ne a\u0219tept\u0103m la niciun fel de vreme rea azi.<\/p>\n<figure id=\"attachment_6609\" aria-describedby=\"caption-attachment-6609\" style=\"width: 660px\" class=\"wp-caption alignnone\"><a href=\"http:\/\/yeti.albascout.ro\/blog\/wp-content\/uploads\/2017\/04\/IMG_20160721_071742.jpg\"><img loading=\"lazy\" decoding=\"async\" class=\"size-large wp-image-6609\" src=\"http:\/\/yeti.albascout.ro\/blog\/wp-content\/uploads\/2017\/04\/IMG_20160721_071742-1024x576.jpg\" alt=\"\" width=\"660\" height=\"371\" srcset=\"https:\/\/yeti.albascout.ro\/blog\/wp-content\/uploads\/2017\/04\/IMG_20160721_071742-1024x576.jpg 1024w, https:\/\/yeti.albascout.ro\/blog\/wp-content\/uploads\/2017\/04\/IMG_20160721_071742-300x169.jpg 300w, https:\/\/yeti.albascout.ro\/blog\/wp-content\/uploads\/2017\/04\/IMG_20160721_071742-768x432.jpg 768w\" sizes=\"auto, (max-width: 660px) 100vw, 660px\" \/><\/a><figcaption id=\"caption-attachment-6609\" class=\"wp-caption-text\">Dou\u0103 din cele patru hamace puse pe noapte, pozate la diminea\u021b\u0103. Hamacul Mihaelei e cu doi copaci mai \u00een spatele meu<\/figcaption><\/figure>\n<p>Aproape de\u00a0mizeul nop\u021bii, ni se al\u0103tur\u0103 \u0219i a patra persoan\u0103 a grupului nostru de aventurieri: Mihaela, sosit\u0103 direct de la Bucure\u0219ti, ajunge cu ajutorul lui Alex direct la noi. P\u00e2n\u0103 \u00eencerc s\u0103 o ajut s\u0103-\u0219i \u00eentind\u0103 prelata \u0219i s\u0103 savur\u0103m ce ne-o adus bun de pe drum, fetele dorm duse.<\/p>\n<p>[endomondowp type=&#8217;workout&#8217; workout_id=&#8217;769472555&#8242;]<\/p>\n<h2><strong>Ziua 2 &#8211; joi: Get out of Cluj<\/strong><\/h2>\n<p>Ne trezim \u0219i ne \u00eempachet\u0103m, dar hot\u0103r\u00e2m s\u0103 m\u00e2nc\u0103m doar jos, \u00een sat. Prindem ceva izvor pe drum, ne sp\u0103l\u0103m un pic de diminea\u021b\u0103, prindem \u0219i camionul de p\u00e2ine c\u00e2nd desc\u0103rca la magazin\u00a0\u0219i ne facem un mic dejun cu p\u00e2ine proasp\u0103t\u0103, cald\u0103 \u0219i\u00a0aproape un pachet \u00eentreg de unt. St\u0103m la mas\u0103 \u00een p\u0103rcule\u021bul de copii care are \u0219i ni\u0219te m\u0103su\u021be numai bune pentru ac\u021biunea asta. A\u0219a incomod mi-i s\u0103 m\u0103n\u00e2nc st\u00e2nd jos, c\u0103 nu se putea potrivi mai bine locul.<\/p>\n<p>Vremea-i fain\u0103 de mers \u0219i drumul tot \u00een fa\u021b\u0103. Dup\u0103 cobor\u00e2rea \u00een S\u0103licea, s\u0103rim dealul molcom spre vest, p\u00e2n\u0103 la V\u0103li\u0219oara &#8211; o localitate pe care autostrada Cluj &#8211; Turda o traverseaz\u0103 pe deasupra. Adic\u0103 efectiv, peste casele din satul \u0103sta, pe un pod la 30 de metri deasupra trece autostrada.\u00a0Casele nu par deranjate de faptul c\u0103 au un pod deasupra, sunt \u00eempietrite \u00een timp &#8211; ca \u0219i \u00eentregul sat. Vedem foarte pu\u021bini oameni &#8211; e totu\u0219i, joi diminea\u021ba.<\/p>\n<figure id=\"attachment_6608\" aria-describedby=\"caption-attachment-6608\" style=\"width: 660px\" class=\"wp-caption alignnone\"><a href=\"http:\/\/yeti.albascout.ro\/blog\/wp-content\/uploads\/2017\/04\/DSC_3277.jpg\"><img loading=\"lazy\" decoding=\"async\" class=\"wp-image-6608 size-large\" src=\"http:\/\/yeti.albascout.ro\/blog\/wp-content\/uploads\/2017\/04\/DSC_3277-1024x681.jpg\" alt=\"\" width=\"660\" height=\"439\" srcset=\"https:\/\/yeti.albascout.ro\/blog\/wp-content\/uploads\/2017\/04\/DSC_3277-1024x681.jpg 1024w, https:\/\/yeti.albascout.ro\/blog\/wp-content\/uploads\/2017\/04\/DSC_3277-300x199.jpg 300w, https:\/\/yeti.albascout.ro\/blog\/wp-content\/uploads\/2017\/04\/DSC_3277-768x511.jpg 768w\" sizes=\"auto, (max-width: 660px) 100vw, 660px\" \/><\/a><figcaption id=\"caption-attachment-6608\" class=\"wp-caption-text\">Autostrada trece peste sat<\/figcaption><\/figure>\n<p>Ie\u0219im din V\u0103li\u0219oara \u0219i mergem pe ni\u0219te drumuri de piatr\u0103 spre Lita. Ne oprim un pic pe drum, ne hidrat\u0103m &#8211; oamenii \u0103\u0219tia la Lita sunt \u00eenconjura\u021bi de ogoare\u00a0\u00eentinse de cereale &#8211; nu este fir de umbr\u0103 c\u00e2t vezi cu ochii. \u00a0D\u0103m \u00eentr-un drum jude\u021bean, de unde se face intrarea \u00een sat. Un copilu\u021b se\u00a0d\u0103dea cu un penny-board de la el din fa\u021ba casei p\u00e2n\u0103 pe drumul jude\u021bean. Copii sunt \u00een vacan\u021b\u0103, probabil la bunici,\u00a0dar \u0219i-au adus ora\u0219ul cu ei.<\/p>\n<figure id=\"attachment_6607\" aria-describedby=\"caption-attachment-6607\" style=\"width: 660px\" class=\"wp-caption alignnone\"><a href=\"http:\/\/yeti.albascout.ro\/blog\/wp-content\/uploads\/2017\/04\/DSC_3281.jpg\"><img loading=\"lazy\" decoding=\"async\" class=\"size-large wp-image-6607\" src=\"http:\/\/yeti.albascout.ro\/blog\/wp-content\/uploads\/2017\/04\/DSC_3281-1024x681.jpg\" alt=\"\" width=\"660\" height=\"439\" srcset=\"https:\/\/yeti.albascout.ro\/blog\/wp-content\/uploads\/2017\/04\/DSC_3281-1024x681.jpg 1024w, https:\/\/yeti.albascout.ro\/blog\/wp-content\/uploads\/2017\/04\/DSC_3281-300x199.jpg 300w, https:\/\/yeti.albascout.ro\/blog\/wp-content\/uploads\/2017\/04\/DSC_3281-768x511.jpg 768w\" sizes=\"auto, (max-width: 660px) 100vw, 660px\" \/><\/a><figcaption id=\"caption-attachment-6607\" class=\"wp-caption-text\">Tot-nainte spre V\u0103li\u0219oara<\/figcaption><\/figure>\n<p>Trecem prin Lita cu g\u00e2ndul la un magazin, dar r\u0103m\u00e2nem cu g\u00e2ndul. La izvorul din mijlocul satului\u00a0ne \u00eendrum\u0103 cineva spre un magazin, dar nu ne inspir\u0103 \u00eencredere nici personajul, nici magazinul\u00a0a\u0219a c\u0103 mergem mai departe. Urm\u00e2nd indica\u021biile oamenilor, la o troi\u021b\u0103 facem st\u00e2nga \u0219i, din mijlocul c\u00e2mpului d\u0103m iar \u00een jude\u021bean, chiar la intrarea \u00een urm\u0103torul sat,\u00a0Liteni.<\/p>\n<p>E ora pr\u00e2nzului, \u0219i \u00eencepe s\u0103 ne loveasc\u0103 soarele foarte tare. La Liteni este undeva o r\u0103m\u0103\u0219i\u021b\u0103 de cetate medieval\u0103 &#8211; citisem de ea, dar alesesem s\u0103 nu o punem pe itinerar &#8211; prea mult de ocolit. Mai mul\u021bi turi\u0219ti maghiari de toate v\u00e2rstele se coboar\u0103 din autobuze cu aer condi\u021bionat \u0219i ne zic\u00a0<em>ionopot<\/em>. Noi mai putem, dar r\u0103spundem la fel, presupun c\u0103-i de bine.<\/p>\n<p>Hot\u0103r\u00e2m s\u0103 ne ascundem de soare, m\u0103car pentru o or\u0103 &#8211; g\u0103sim\u00a0cel mai apropiat magazin, ni se pune la dispozi\u021bie o teras\u0103 ferit\u0103 de soare \u00een casa \u00eenc\u0103 \u00een construc\u021bie a proprietarului magazinului. Bem \u0219i m\u00e2nc\u0103m chestii reci \u0219i \/ sau hidratante, punem \u00eenc\u0103rc\u0103torul solar la treab\u0103, p\u00e2n\u0103 c\u00e2nd o bestie \u00eel g\u0103se\u0219te \u0219i \u00eel folose\u0219te pe post de culcu\u0219. Ne juc\u0103m un pic cu bestia c\u0103 e mic\u0103 \u0219i dr\u0103gu\u021b\u0103, \u0219i p\u00e2ndim momentul c\u00e2nd soarele\u00a0mai g\u0103se\u0219te c\u00e2te-un nor s\u0103 o lu\u0103m din nou la drum.<\/p>\n<figure id=\"attachment_6605\" aria-describedby=\"caption-attachment-6605\" style=\"width: 660px\" class=\"wp-caption alignnone\"><a href=\"http:\/\/yeti.albascout.ro\/blog\/wp-content\/uploads\/2017\/04\/IMG_20160721_145013.jpg\"><img loading=\"lazy\" decoding=\"async\" class=\"size-large wp-image-6605\" src=\"http:\/\/yeti.albascout.ro\/blog\/wp-content\/uploads\/2017\/04\/IMG_20160721_145013-1024x576.jpg\" alt=\"\" width=\"660\" height=\"371\" srcset=\"https:\/\/yeti.albascout.ro\/blog\/wp-content\/uploads\/2017\/04\/IMG_20160721_145013-1024x576.jpg 1024w, https:\/\/yeti.albascout.ro\/blog\/wp-content\/uploads\/2017\/04\/IMG_20160721_145013-300x169.jpg 300w, https:\/\/yeti.albascout.ro\/blog\/wp-content\/uploads\/2017\/04\/IMG_20160721_145013-768x432.jpg 768w\" sizes=\"auto, (max-width: 660px) 100vw, 660px\" \/><\/a><figcaption id=\"caption-attachment-6605\" class=\"wp-caption-text\">Bestia<\/figcaption><\/figure>\n<p>Cei 10km p\u00e2n\u0103 \u00een B\u0103i\u0219oara se \u00eent\u00e2mpl\u0103 f\u0103r\u0103 prea multe lucruri interesante. Vorbim cu Ale, care ar fi trebuit s\u0103 ni se al\u0103ture, afl\u0103m c\u0103 nu mai vine; un t\u00e2n\u0103r se opre\u0219te pe l\u00e2ng\u0103 noi cu ma\u0219ina \u0219i ne propune s\u0103 ne duc\u0103 \u00een B\u0103i\u0219oara. Mai sunt 3km, nu merit\u0103.<\/p>\n<p>Facem pauz\u0103 &#8211; ora 17 s\u0103 fi fost, la r\u0103scruce \u00een\u00a0B\u0103i\u0219oara. Mergem de ore bune pe asfalt \u0219i schimbarea pe drumuri de p\u0103m\u00e2nt este binevenit\u0103 &#8211; o lu\u0103m pe o uli\u021b\u0103\u00a0l\u0103turalnic\u0103 \u0219i ne \u00eentrept\u0103m spre satul Ma\u0219ca\u00a0pe ni\u0219te scurt\u0103turi care ne duc prin ruinele \u0219i lacurile unei vechi mine. Ie\u0219im iar la asfalt, afl\u0103m c\u0103 Ma\u0219ca\u00a0este un sat \u00een pant\u0103, \u0219i tot urc\u0103m. Asfaltul pare nou \u0219i drumul este nu prea circulat, ar putea fi patria longboarder-ilor aici.<\/p>\n<figure id=\"attachment_6604\" aria-describedby=\"caption-attachment-6604\" style=\"width: 660px\" class=\"wp-caption alignnone\"><a href=\"http:\/\/yeti.albascout.ro\/blog\/wp-content\/uploads\/2017\/04\/DSC_3304.jpg\"><img loading=\"lazy\" decoding=\"async\" class=\"size-large wp-image-6604\" src=\"http:\/\/yeti.albascout.ro\/blog\/wp-content\/uploads\/2017\/04\/DSC_3304-1024x681.jpg\" alt=\"\" width=\"660\" height=\"439\" srcset=\"https:\/\/yeti.albascout.ro\/blog\/wp-content\/uploads\/2017\/04\/DSC_3304-1024x681.jpg 1024w, https:\/\/yeti.albascout.ro\/blog\/wp-content\/uploads\/2017\/04\/DSC_3304-300x199.jpg 300w, https:\/\/yeti.albascout.ro\/blog\/wp-content\/uploads\/2017\/04\/DSC_3304-768x511.jpg 768w\" sizes=\"auto, (max-width: 660px) 100vw, 660px\" \/><\/a><figcaption id=\"caption-attachment-6604\" class=\"wp-caption-text\">Pe l\u00e2ng\u0103 mina dezafectat\u0103, l\u00e2ng\u0103 B\u0103i\u0219oara, spre Ma\u0219ca<\/figcaption><\/figure>\n<p>\u00centreb\u0103m o tanti dac\u0103-i bun drumul, ne \u00eentreab\u0103 unde mergem \u0219i de unde venim \u0219i \u00ee\u0219i face cruce c\u00e2nd ne aude :) Facem o pauz\u0103 de hidratare, Paula are calciu \u0219i \/ sau magneziu, nu mai \u0219tiu, mai m\u00e2nc\u0103m un m\u0103r, \u00eencepem s\u0103 ne \u00eentreb\u0103m \u0219i noi dac\u0103 suntem \u00eentregi la cap :) Drumul continu\u0103 tot la deal, dar m\u0103car e limpede \u0219i neted, nu necesit\u0103 mult\u0103 aten\u021bie, \u0219tim pe unde-avem de mers. Ajungem \u00een v\u00e2rful dealului, la o r\u0103scruce, \u0219i nu \u0219tim exact \u00eencotro trebuie s\u0103 o apuc\u0103m &#8211; nu\u00a0suntem pe marcaj turistic, am mers p\u00e2n\u0103 acum aproape exclusiv pe drumuri oficiale prin sate \u0219i printre ele. Aici probabil trebuie s\u0103 t\u0103iem ni\u0219te dealuri, a venit momentul de un pic mai mult\u0103 Aventur\u0103.<\/p>\n<p>Dup\u0103 ce \u00eentreb\u0103m pe la casele r\u0103sfirate prin v\u00e2rful dealului, un domn vine cu noi \u0219i ne arat\u0103 de pe dealul nostru pe unde-ar trebui s\u0103 o lu\u0103m \u0219i &#8211;\u00a0<em>ui la copacii \u0103ia acolo trebuie s\u0103 ajunge\u021bi<\/em> &#8211; pe v\u00e2rful celuilalt deal. Cobor\u00e2m \u0219i profit\u0103m de faptul c\u0103 trebuie s\u0103 trecem printr-un un r\u00e2u ca s\u0103 trecem la bocanci, c\u0103 at\u00e2t c\u00e2t s-o putut am mers \u00een sandale azi, nu este lucru mai bun pe asfalt \/ c\u0103ldur\u0103. Ne apropiem de asfin\u021bit, mai scade \u0219i temperatura, pleznim o ciocolat\u0103 \u0219i ne pic\u0103 foarte bine, dar suntem obosi\u021bi \u0219i mai avem de mers &#8211; planul meu e s\u0103 \u00eennopt\u0103m dup\u0103 urm\u0103torul sat.<\/p>\n<p>C\u00e2nd ne-a ar\u0103tat calea, omul nostru din v\u00e2rful dealului ne-a recomandat o potec\u0103 la st\u00e2nga care scurteaz\u0103 o or\u0103 din drum, \u0219i aproape c\u0103 o rat\u0103m. Nu prea arat\u0103 a potec\u0103, arat\u0103 a traseu de c\u0103\u021b\u0103rare, mai ales cu rucsacii mari \u00een spate. Cum-necum, t\u0103ind dealul pe poteci de animale \u0219i urm\u00e2nd culmea dup\u0103 ce poteca noastr\u0103 vertical\u0103 s-a pierdut, ie\u0219im la lumini\u0219 \u0219i la locul pe care, acum o or\u0103 jumate, ni-l ar\u0103ta cu degetul nenea de pe partea cealalt\u0103.<\/p>\n<figure id=\"attachment_6603\" aria-describedby=\"caption-attachment-6603\" style=\"width: 660px\" class=\"wp-caption alignnone\"><a href=\"http:\/\/yeti.albascout.ro\/blog\/wp-content\/uploads\/2017\/04\/DSC_3316.jpg\"><img loading=\"lazy\" decoding=\"async\" class=\"size-large wp-image-6603\" src=\"http:\/\/yeti.albascout.ro\/blog\/wp-content\/uploads\/2017\/04\/DSC_3316-1024x681.jpg\" alt=\"\" width=\"660\" height=\"439\" srcset=\"https:\/\/yeti.albascout.ro\/blog\/wp-content\/uploads\/2017\/04\/DSC_3316-1024x681.jpg 1024w, https:\/\/yeti.albascout.ro\/blog\/wp-content\/uploads\/2017\/04\/DSC_3316-300x199.jpg 300w, https:\/\/yeti.albascout.ro\/blog\/wp-content\/uploads\/2017\/04\/DSC_3316-768x511.jpg 768w\" sizes=\"auto, (max-width: 660px) 100vw, 660px\" \/><\/a><figcaption id=\"caption-attachment-6603\" class=\"wp-caption-text\">Aici \u00eenc\u0103 se vedea ceva urm\u0103 de potec\u0103<\/figcaption><\/figure>\n<p>Facem o poz\u0103 la asfiin\u021bit \u0219i cuprin\u0219i\u00a0de\u00a0euforia care te umple\u00a0dup\u0103 ce crezi c\u0103 ai ajuns \u00een v\u00e2rful dealului, mergem \u00eenainte &#8211; e iulie, lumin\u0103 este p\u00e2n\u0103 la 10, suntem \u00eentr-un loc f\u0103r\u0103 ap\u0103 \u0219i deci nu tocmai bun pentru campat. Undeva sub noi este satul Lunca Larg\u0103 &#8211; dar parc\u0103 cu c\u00e2t mergem mai mult spre el, cu at\u00e2t este \u0219i mai mult p\u00e2n\u0103 s\u0103 ajungem\u00a0acolo. Vedem ni\u0219te case, sub noi cumva, \u0219i tot cobor\u00e2m sub protestul genunchiilor care dup\u0103 o zi \u00eentreag\u0103 de h\u00e2r\u0219\u00e2ial\u0103 acuma sunt pedepsi\u021bi suplimentar.<\/p>\n<figure id=\"attachment_6602\" aria-describedby=\"caption-attachment-6602\" style=\"width: 660px\" class=\"wp-caption alignnone\"><a href=\"http:\/\/yeti.albascout.ro\/blog\/wp-content\/uploads\/2017\/04\/DSC_3319.jpg\"><img loading=\"lazy\" decoding=\"async\" class=\"size-large wp-image-6602\" src=\"http:\/\/yeti.albascout.ro\/blog\/wp-content\/uploads\/2017\/04\/DSC_3319-1024x681.jpg\" alt=\"\" width=\"660\" height=\"439\" srcset=\"https:\/\/yeti.albascout.ro\/blog\/wp-content\/uploads\/2017\/04\/DSC_3319-1024x681.jpg 1024w, https:\/\/yeti.albascout.ro\/blog\/wp-content\/uploads\/2017\/04\/DSC_3319-300x199.jpg 300w, https:\/\/yeti.albascout.ro\/blog\/wp-content\/uploads\/2017\/04\/DSC_3319-768x511.jpg 768w\" sizes=\"auto, (max-width: 660px) 100vw, 660px\" \/><\/a><figcaption id=\"caption-attachment-6602\" class=\"wp-caption-text\">Poz\u0103 la apus, cu telefonul, spre Muntele B\u0103i\u0219orii (cred).<\/figcaption><\/figure>\n<p>Ultima\u00a0sc\u0103p\u0103rare de lumin\u0103 se stinge cam pe c\u00e2nd ajungem \u00een cap\u0103tul de sus, de dinspre p\u0103dure, al satului. Le las pe fete un pic l\u00e2ng\u0103 o gr\u0103mad\u0103 de bu\u0219teni \u0219i merg s\u0103 v\u0103d dac\u0103 mai prind deschis magazinul &#8211; dup\u0103 a\u0219a o zi, a\u0219a ar merge o bere rece, uai. \u0218tiu satul de c\u00e2nd am fost aici cu eXploratorii acum c\u00e2\u021biva ani \u0219i f\u0103r\u0103 rucsac parc\u0103 nici nu ating p\u0103m\u00e2ntul.\u00a0Magazinul n-ar fi chiar \u00eenchis &#8211; la \u021bar\u0103 magazinul e deschis c\u00e2t\u0103 vreme e cineva s\u0103 v\u00e2nd\u0103, p\u00e2n\u0103 la urm\u0103 &#8211; dar m\u0103tu\u0219a care se ocup\u0103 de el o plecat dup\u0103 vac\u0103 \u0219i nu mai \u00eei acolo. \u00cencerc s\u0103 score-uiesc ni\u0219te beri de la o ga\u0219c\u0103 de pu\u0219ti care fac gr\u0103tar \u00een vecini de magazin, dar \u00ees cumin\u021bi \u0219i n-au, sau nu vor s\u0103 r\u0103m\u00e2n\u0103 f\u0103r\u0103 ea :)<\/p>\n<p>M\u0103 regrupez cu fetele \u0219i\u00a0c\u0103ut\u0103m un loc afar\u0103 din sat, pe direc\u021bia noastr\u0103 de mers, unde s\u0103 camp\u0103m &#8211; e \u00eentuneric de-a binelea acum, mergem pe frontal\u0103\u00a0pe un drum care merge \u00een paralel cu un p\u00e2r\u00e2u.\u00a0Locul nu e foarte prietenos pentru dormit pe jos, dar ne urc\u0103m 10 metri \u00een p\u0103dure \u0219i punem hamacele \u00een pant\u0103.\u00a0Lucru fain cu hamacele astea, nu-\u021bi chiar trebuie loc drept s\u0103 te instalezi &#8211; chit c\u0103 aici unde ne-am campat noi locu-i a\u0219a de abrupt c\u0103 trebuie legate bagajele de copac s\u0103 nu plece singure la vale.<\/p>\n<figure id=\"attachment_6600\" aria-describedby=\"caption-attachment-6600\" style=\"width: 660px\" class=\"wp-caption alignnone\"><a href=\"http:\/\/yeti.albascout.ro\/blog\/wp-content\/uploads\/2017\/04\/DSC_3330.jpg\"><img loading=\"lazy\" decoding=\"async\" class=\"size-large wp-image-6600\" src=\"http:\/\/yeti.albascout.ro\/blog\/wp-content\/uploads\/2017\/04\/DSC_3330-1024x681.jpg\" alt=\"\" width=\"660\" height=\"439\" srcset=\"https:\/\/yeti.albascout.ro\/blog\/wp-content\/uploads\/2017\/04\/DSC_3330-1024x681.jpg 1024w, https:\/\/yeti.albascout.ro\/blog\/wp-content\/uploads\/2017\/04\/DSC_3330-300x199.jpg 300w, https:\/\/yeti.albascout.ro\/blog\/wp-content\/uploads\/2017\/04\/DSC_3330-768x511.jpg 768w\" sizes=\"auto, (max-width: 660px) 100vw, 660px\" \/><\/a><figcaption id=\"caption-attachment-6600\" class=\"wp-caption-text\">Campul, fotografiat de diminea\u021b\u0103. Un pic \u00een pant\u0103<\/figcaption><\/figure>\n<p>Fetele renun\u021b\u0103 la prelat\u0103 &#8211; nu\u00a0e chiar nevoie, e super senin &#8211; dar din\u00a0obi\u0219nuin\u021b\u0103 eu mi-o instalez. Cobor p\u00e2n\u0103 la p\u00e2r\u00e2u pentru un <em>midnight shower<\/em> \u0219i c\u00e2nd m\u0103 \u00eentorc toat\u0103 echipa sfor\u0103ie, pe voci (pe nasuri?). Dorm \u0219i eu, deasupra unui h\u0103u de 4 metri \u0219i m\u0103 bucur \u00een somn c\u0103 <a href=\"http:\/\/www.minorswing.ro\/language\/ro\/\">MinorSwing<\/a> face \u0219i hamace pentru elefan\u021bi.<\/p>\n<p>[endomondowp type=&#8217;workout&#8217; workout_id=&#8217;769864191&#8242;]<\/p>\n<p><strong>Azi am f\u0103cut mai bine de 35 de kilometri.<\/strong><\/p>\n<p>Mergem bine, avem progres bun, sunt \u00eenc\u0103 convins c\u0103 putem s\u0103 ajungem la destina\u021bie p\u00e2n\u0103 duminic\u0103. Am avut dou\u0103 zile destul de pline, cu o trecere treptat\u0103 de la ora\u0219ul agitat la satele spartane, de cap\u0103t de drum, s\u0103 zic a\u0219a, din Apuseni.<\/p>\n<p>Urmeaz\u0103 s\u0103 intr\u0103m \u00een zona mai s\u0103lbatic\u0103 &#8211; <em>Sc\u0103ri\u021ba-Belioara<\/em>. Nu \u0219tiu de ce nu-mi e de loc team\u0103 de traseu, c\u0103 doar m-o mai prins noaptea pe-acolo \u0219i cu alt\u0103 ocazie. Socoteala de acas\u0103 nu se potrive\u0219te \u00eens\u0103 niciodat\u0103 cu realit\u0103\u021bile t\u00e2rgului, a\u0219a c\u0103 ziua urm\u0103toare avea s\u0103 ne dea planurile complet peste cap.<\/p>\n<p>Dar despre asta, \u00een episodul urm\u0103tor, m\u00e2ine sear\u0103 :)<\/p>\n<p><em>Later edit: po\u021bi citi\u00a0aici <a href=\"http:\/\/yeti.albascout.ro\/blog\/aventura-n-apuseni-episodul-ii\/\">episodul II<\/a>, <a href=\"http:\/\/yeti.albascout.ro\/blog\/aventura-n-apuseni-episodul-iii\/\">episodul III<\/a> \u0219i <a href=\"http:\/\/yeti.albascout.ro\/blog\/aventura-n-apuseni-episodul-iv\/\">episodul IV<\/a><\/em><\/p>\n<p>&nbsp;<\/p>\n<p>&nbsp;<\/p>\n","protected":false},"excerpt":{"rendered":"<p>Oare cum ar fi s\u0103 mergem pe jos de la\u00a0Cluj la Alba? \u00cen provocarea\u00a0continu\u0103 de a g\u0103si activit\u0103\u021bi care s\u0103 r\u0103spund\u0103 nevoilor \u0219i posibilit\u0103\u021bilor seniorilor no\u0219tri,\u00a0am c\u0103utat s\u0103 g\u0103sim\u00a0o aventur\u0103 maxim\u0103\u00a0cu costuri minime, accesibil\u0103 pentru to\u021bi seniorii. Una din idei a fost \u00eentrebarea de mai sus. \u0218i am pus-o \u00een practic\u0103. Mai bine zis, am &hellip; <a href=\"https:\/\/yeti.albascout.ro\/blog\/aventura-n-apuseni-episodul-i\/\" class=\"more-link\">Continu\u0103 s\u0103 cite\u0219ti <span class=\"screen-reader-text\">Aventura-n Apuseni &#8211; episodul I<\/span><\/a><\/p>\n","protected":false},"author":1,"featured_media":4997,"comment_status":"open","ping_status":"open","sticky":false,"template":"","format":"standard","meta":{"jetpack_post_was_ever_published":false,"_jetpack_newsletter_access":"","_jetpack_dont_email_post_to_subs":false,"_jetpack_newsletter_tier_id":0,"_jetpack_memberships_contains_paywalled_content":false,"_jetpack_memberships_contains_paid_content":false,"footnotes":""},"categories":[800,556,562],"tags":[567,820,830,589,596,640,831,808],"class_list":["post-4630","post","type-post","status-publish","format-standard","has-post-thumbnail","hentry","category-calatorie","category-cercetasi","category-munte","tag-alba-iulia","tag-apuseni","tag-apuseniadventuretime","tag-cercetai","tag-cluj","tag-hike","tag-minorswing","tag-munte"],"jetpack_featured_media_url":"https:\/\/yeti.albascout.ro\/blog\/wp-content\/uploads\/2016\/10\/DSC_3339.jpg","jetpack_sharing_enabled":true,"_links":{"self":[{"href":"https:\/\/yeti.albascout.ro\/blog\/wp-json\/wp\/v2\/posts\/4630","targetHints":{"allow":["GET"]}}],"collection":[{"href":"https:\/\/yeti.albascout.ro\/blog\/wp-json\/wp\/v2\/posts"}],"about":[{"href":"https:\/\/yeti.albascout.ro\/blog\/wp-json\/wp\/v2\/types\/post"}],"author":[{"embeddable":true,"href":"https:\/\/yeti.albascout.ro\/blog\/wp-json\/wp\/v2\/users\/1"}],"replies":[{"embeddable":true,"href":"https:\/\/yeti.albascout.ro\/blog\/wp-json\/wp\/v2\/comments?post=4630"}],"version-history":[{"count":566,"href":"https:\/\/yeti.albascout.ro\/blog\/wp-json\/wp\/v2\/posts\/4630\/revisions"}],"predecessor-version":[{"id":6662,"href":"https:\/\/yeti.albascout.ro\/blog\/wp-json\/wp\/v2\/posts\/4630\/revisions\/6662"}],"wp:featuredmedia":[{"embeddable":true,"href":"https:\/\/yeti.albascout.ro\/blog\/wp-json\/wp\/v2\/media\/4997"}],"wp:attachment":[{"href":"https:\/\/yeti.albascout.ro\/blog\/wp-json\/wp\/v2\/media?parent=4630"}],"wp:term":[{"taxonomy":"category","embeddable":true,"href":"https:\/\/yeti.albascout.ro\/blog\/wp-json\/wp\/v2\/categories?post=4630"},{"taxonomy":"post_tag","embeddable":true,"href":"https:\/\/yeti.albascout.ro\/blog\/wp-json\/wp\/v2\/tags?post=4630"}],"curies":[{"name":"wp","href":"https:\/\/api.w.org\/{rel}","templated":true}]}}