{"id":410,"date":"2009-05-30T22:26:13","date_gmt":"2009-05-31T01:26:13","guid":{"rendered":"http:\/\/yeti.albascout.ro\/blog\/?p=410"},"modified":"2009-05-30T22:26:13","modified_gmt":"2009-05-31T01:26:13","slug":"marea-imbra%c8%9bi%c8%99are-de-la-alba-iulia","status":"publish","type":"post","link":"https:\/\/yeti.albascout.ro\/blog\/marea-imbra%c8%9bi%c8%99are-de-la-alba-iulia\/","title":{"rendered":"Marea \u00eembr\u0103\u021bi\u0219are de la Alba Iulia"},"content":{"rendered":"<p>Vineri, Alba Iulia a intrat \u00een Guiness Book of Records prin cea mai mare \u00eembr\u0103\u021bi\u0219are. Adic\u0103 s-o f\u0103cut un lan\u021b mare de oameni \u00een jurul cet\u0103\u021bii, \u0219i am fost a\u0219a de mul\u021bi c\u0103 n-o mai fost niciodata nicic\u00e2nd de c\u00e2nd este Guiness Book of Records a\u0219a mul\u021bi s\u0103-\u0219i \u00eenconjoare buc\u0103\u021bi din ora\u0219 :). Au fost \u0219i cerceta\u0219ii de la Alba acolo, \u0219i a\u0219 fi fost \u0219i eu dac\u0103 n-a\u0219 fi ocupat cu licen\u021ba, au fost un pic peste 9500 de oameni.<\/p>\n<p>Cu toate c\u0103 sunt bucuros pentru Alba Iulia, \u0219i din punctul de vedere al albaiulianului seren \u0219i ignorant sau ne\u0219tiutor fa\u021b\u0103 de lumea din jurul lui, exist\u0103 \u0219i lucruri care umbresc eventu \u0103sta. \u00cen decembrie Cristina C\u00e2ndea de la RYMA \u00eemi povestea despre propunerea ei c\u0103tre Prim\u0103rie s\u0103 se fac\u0103 de 1 decembrie o hor\u0103 pe exact aceela\u0219i traseu. I-au spus atunci c\u0103 nu pot da bani pentru asta. \u0218i acum, prim\u0103ria are superba idee de a face o \u00eembr\u0103\u021bi\u0219are (care nu seam\u0103n\u0103 <em>\u00een nici un fel<\/em> cu o hor\u0103). Super.<\/p>\n<p>Lucrul care mi s-a p\u0103rut cel mai fishy la chestia asta (ca s\u0103 nu spun c\u0103 e \u00eenainte de alegeri, pentru c\u0103 la Alba acum sunt zilele ora\u0219ului)este c\u0103 organizarea la chestia asta s-a \u00eenceput doar cu dou\u0103 s\u0103pt\u0103m\u00e2ni \u00eenainte, \u0219i mesajul s-a schimbat undeva pe la mijlocul acestor dou\u0103 s\u0103pt\u0103m\u00e2ni. Adica no, e nevoie de mai mult\u0103 promovare s\u0103-\u021bi asiguri participarea \u00een numere suficient de mari. Dar a\u0219a e c\u00e2nd e\u0219ti pe cai mari, \u00ee\u021bi permi\u021bi s\u0103 la\u0219i lucrurile pe ultima clip\u0103 \u0219i dup\u0103 aia s\u0103 invi\u021bi \u0219colile s\u0103 se prezinte organizat la event :)<\/p>\n<p>Anyway, toate peste toate, un lucru fain pentru albaiulieni \u0219i un lucru bun pentru Alba Iulia.<\/p>\n<p>Poze de la <a href=\"http:\/\/picasaweb.google.com\/letaandra\/ImbratisareZileleOrasului\">Nico<\/a> \u0219i <a href=\"http:\/\/www.zileleorasului.ro\/\">site-ul<\/a> evenimentului f\u0103cut de firma lu Furtun.<\/p>\n","protected":false},"excerpt":{"rendered":"<p>Vineri, Alba Iulia a intrat \u00een Guiness Book of Records prin cea mai mare \u00eembr\u0103\u021bi\u0219are. Adic\u0103 s-o f\u0103cut un lan\u021b mare de oameni \u00een jurul cet\u0103\u021bii, \u0219i am fost a\u0219a de mul\u021bi c\u0103 n-o mai fost niciodata nicic\u00e2nd de c\u00e2nd este Guiness Book of Records a\u0219a mul\u021bi s\u0103-\u0219i \u00eenconjoare buc\u0103\u021bi din ora\u0219 :). Au fost &hellip; <a href=\"https:\/\/yeti.albascout.ro\/blog\/marea-imbra%c8%9bi%c8%99are-de-la-alba-iulia\/\" class=\"more-link\">Continu\u0103 s\u0103 cite\u0219ti <span class=\"screen-reader-text\">Marea \u00eembr\u0103\u021bi\u0219are de la Alba Iulia<\/span><\/a><\/p>\n","protected":false},"author":1,"featured_media":0,"comment_status":"open","ping_status":"open","sticky":false,"template":"","format":"standard","meta":{"jetpack_post_was_ever_published":false,"_jetpack_newsletter_access":"","_jetpack_dont_email_post_to_subs":false,"_jetpack_newsletter_tier_id":0,"_jetpack_memberships_contains_paywalled_content":false,"_jetpack_memberships_contains_paid_content":false,"footnotes":""},"categories":[556],"tags":[567,571,589],"class_list":["post-410","post","type-post","status-publish","format-standard","hentry","category-cercetasi","tag-alba-iulia","tag-axente-sever","tag-cercetai"],"jetpack_featured_media_url":"","jetpack_sharing_enabled":true,"_links":{"self":[{"href":"https:\/\/yeti.albascout.ro\/blog\/wp-json\/wp\/v2\/posts\/410","targetHints":{"allow":["GET"]}}],"collection":[{"href":"https:\/\/yeti.albascout.ro\/blog\/wp-json\/wp\/v2\/posts"}],"about":[{"href":"https:\/\/yeti.albascout.ro\/blog\/wp-json\/wp\/v2\/types\/post"}],"author":[{"embeddable":true,"href":"https:\/\/yeti.albascout.ro\/blog\/wp-json\/wp\/v2\/users\/1"}],"replies":[{"embeddable":true,"href":"https:\/\/yeti.albascout.ro\/blog\/wp-json\/wp\/v2\/comments?post=410"}],"version-history":[{"count":0,"href":"https:\/\/yeti.albascout.ro\/blog\/wp-json\/wp\/v2\/posts\/410\/revisions"}],"wp:attachment":[{"href":"https:\/\/yeti.albascout.ro\/blog\/wp-json\/wp\/v2\/media?parent=410"}],"wp:term":[{"taxonomy":"category","embeddable":true,"href":"https:\/\/yeti.albascout.ro\/blog\/wp-json\/wp\/v2\/categories?post=410"},{"taxonomy":"post_tag","embeddable":true,"href":"https:\/\/yeti.albascout.ro\/blog\/wp-json\/wp\/v2\/tags?post=410"}],"curies":[{"name":"wp","href":"https:\/\/api.w.org\/{rel}","templated":true}]}}