{"id":2929,"date":"2014-05-12T20:25:50","date_gmt":"2014-05-12T18:25:50","guid":{"rendered":"http:\/\/yeti.albascout.ro\/blog\/?p=2929"},"modified":"2014-05-13T14:46:29","modified_gmt":"2014-05-13T12:46:29","slug":"adunarea-generala-2014","status":"publish","type":"post","link":"https:\/\/yeti.albascout.ro\/blog\/adunarea-generala-2014\/","title":{"rendered":"Adunarea Generala 2014 &#8211; partea I"},"content":{"rendered":"<p>Ne-am \u00eentors azi diminea\u021b\u0103 de la Bucure\u0219ti, unde am participat Adunarea General\u0103 a ONCR, \u00eent\u00e2lnirea anual\u0103 a\u00a0Centrelor Locale, unde am reprezentat cerceta\u0219ii din Alba Iulia.\u00a0Au fost discutate multe aspecte, idei \u0219i propuneri despre via\u021ba \u0219i structura organiza\u021biei.<\/p>\n<p>Pentru c\u0103 cred \u00een implicarea tinerilor \u00een luarea deciziilor \u0219i la acest nivel,\u00a0\u00een transparen\u021b\u0103 \u0219i mai ales \u00eentr-o informare corect\u0103, mi-am propus s\u0103 trec \u00een revist\u0103 cele mai importante puncte de pe ordinea de zi \u00eempreun\u0103 cu rezultatele, a\u0219a cum mi le amintesc. Am notat unde am putut \u0219i cele c\u00e2teva discu\u021bii care au avut loc, \u0219i, desigur, c\u0103 de aia e blog personal, &#8222;analiza&#8221; mea.\u00a0<!--more--><\/p>\n<p>Au fost \u0219i anul acesta multe\u00a0Centre Locale\u00a0prezente, \u0219i din ele mai\u00a0pu\u021bine care au avut reprezentan\u021bi care au fost delega\u021bi &#8222;la telefon&#8221; (adic\u0103\u00a0f\u0103r\u0103 s\u0103 aib\u0103 vreo leg\u0103tur\u0103 cu Centrul Local). Se pare c\u0103 deciziile Adun\u0103rilor Generale anterioare, chiar dac\u0103 sunt \u00een continuare disputate, de a\u00a0<em>propune spre desfiin\u021bare Centrele Locale care nu particip\u0103 mai mul\u021bi ani la r\u00e2nd la Adunarea General\u0103\u00a0<\/em>\u0219i de a <em>nu permite unui delegat s\u0103 reprezinte mai multe Centre Locale deodat\u0103,\u00a0<\/em>func\u021bioneaz\u0103.<\/p>\n<p><a href=\"http:\/\/yeti.albascout.ro\/blog\/wp-content\/uploads\/2014\/05\/DSC_8779.jpg\"><img loading=\"lazy\" decoding=\"async\" class=\"alignnone size-large wp-image-2938\" src=\"http:\/\/yeti.albascout.ro\/blog\/wp-content\/uploads\/2014\/05\/DSC_8779-1024x680.jpg\" alt=\"DSC_8779\" width=\"640\" height=\"425\" srcset=\"https:\/\/yeti.albascout.ro\/blog\/wp-content\/uploads\/2014\/05\/DSC_8779-1024x680.jpg 1024w, https:\/\/yeti.albascout.ro\/blog\/wp-content\/uploads\/2014\/05\/DSC_8779-300x199.jpg 300w, https:\/\/yeti.albascout.ro\/blog\/wp-content\/uploads\/2014\/05\/DSC_8779.jpg 1200w\" sizes=\"auto, (max-width: 640px) 100vw, 640px\" \/><\/a><\/p>\n<p><em>Am \u00eemp\u0103r\u021bit post-ul \u0103sta \u00een dou\u0103, ca s\u0103 fie mai simplu de digerat \u0219i mai simplu de scris :) Primul este cu rapoarte, buget \u0219i \u00eenfiin\u021bare \/ desfiin\u021bare de grupuri.\u00a0<\/em><\/p>\n<p><em>Exist\u0103 materiale care au fost prezentate pentru cele mai multe din punctele din ordinea de zi, dar nu le pot publica eu.\u00a0Dac\u0103 sunte\u021bi curio\u0219i, le pute\u021bi cere\u00a0Consiliilor Centrelor Locale din care face\u021bi parte.<\/em><\/p>\n<h3><strong>Rapoarte<\/strong><\/h3>\n<p>Adunarea General\u0103 \u00eencepe cu prezentarea rapoartelor\u00a0Consiliului Director, raportul financiar pe 2013, rapoartele comisiei de cenzori \u0219i a comitetului executiv, \u0219i rapoarte cu privire la proiectele na\u021bionale mari care ruleaz\u0103 \u00een prezent sau care s-au \u00eencheiat. Toate rapoartele au fost adoptate \/ acceptate, cu c\u00e2teva discu\u021bii,\u00a0dintre care cele mai\u00a0de interes\u00a0cred c\u0103 ar fi urm\u0103toarele:<\/p>\n<ul>\n<li>a existat o recomandare de la Nicoleta, trezorierul nostru de la Alba Iulia pentru ca acele cheltuieli\u00a0f\u0103cute din cotiza\u021bii s\u0103 fie mai detaliate, \u00een a\u0219a fel \u00eenc\u00e2t s\u0103 putem s\u0103 r\u0103spundem c\u00e2t mai bine la nivel local \u00eentreb\u0103rii &#8222;unde se duc banii din cotiza\u021bii?&#8221;<\/li>\n<li>Nicoleta a mai avut un feedback pe care nu l-am mai adus \u00een discu\u021bie pentru c\u0103, din update-urile venite de la Anca (trezorierul ONCR) am \u00een\u021beles c\u0103 se lucreaz\u0103 la asta: separarea\u00a0bugetelor de proiect de\u00a0bugetul de func\u021bionare al\u00a0ONCR \u00een prezent\u0103rile c\u0103tre Centrele Locale, pentru a fi mai u\u0219or de citit (proiectele mari ale ONCR au deseori bugete mai mari dec\u00e2t ONCR \u00een rest)<\/li>\n<li>Raportul pentru Centenar nu este \u00eenc\u0103 gata, av\u00e2nd \u00een vedere c\u0103 proiectul se va termina doar pe 21 mai 2014. Un raport narativ va fi prezentat la urm\u0103toarea Adunare General\u0103, care s\u0103 includ\u0103 inclusiv feedback-ul de la participan\u021bi (la RoJAM acest feedback a fost, din p\u0103cate, pierdut).<\/li>\n<li>Raportul Comisiei de Cenzori a fost unul\u00a0\u00een mare pozitiv, dar s-au identificat \u0219i vulnerabilit\u0103\u021bi. Pentru c\u0103 este un subiect care intereseaz\u0103 \u00een primul r\u00e2nd Consiliile Centrelor Locale, dac\u0103 dore\u0219te cineva s\u0103 discute acest subiect o putem face \u00een privat.<\/li>\n<li>ScoutShop este \u00eentr-un lung proces de preluare de c\u0103tre\u00a0echipa de la na\u021bional, \u0219i \u00een prezent se lucreaz\u0103 \u00een mod direct cu Mircea de la Tg. Mure\u0219, viitorul fiind incert. C\u00e2teva idei din discu\u021bia ScoutShop;\n<ul>\n<li>Nu se \u0219tie c\u00e2nd \/ dac\u0103 se vor putea \u00eenlocui badge-urile albe cu cele originale, albastre, a\u0219a cum decisese Consiliul Director. <em>Recomandarea mea e s\u0103 ni le facem singuri &#8230;<\/em><\/li>\n<li>Iulian de la Dim\u0103ncescu a propus (\u0219i AG a sus\u021binut) ca pre\u021burile de v\u00e2nzare s\u0103 aiba adaosuri comerciale minimale\u00a0(se pare c\u0103 exist\u0103 exager\u0103ri). A mai existat o propunere de a returna sumele \u00eencasate pe adosurile prea mari, dar din c\u00e2te \u00eemi amintesc propunerea nu a trecut<\/li>\n<li>S-a votat \u00eenfiin\u021barea unui consiliu\u00a0de supraveghere \u0219i \u00eendrumare a activit\u0103\u021bii ScoutShop, componen\u021ba nu mi-o amintesc acum (a fost o discu\u021bie separat\u0103, duminic\u0103)<\/li>\n<\/ul>\n<\/li>\n<\/ul>\n<h3><strong>Buget si rectificare\u00a0bugetara<\/strong><\/h3>\n<p>Discu\u021biile pe rectificarea bugetar\u0103 (modificarea bugetului votat \u00een 2013 pentru 2014 pe baza realit\u0103\u021bilor curente) au fost relativ restr\u00e2nse, observa\u021biile fiind c\u0103 Vasile, vicepre\u0219edintele ONCR a ob\u021binut sus\u021binerea companiei Innobyte, la care este partener, pentru a asigura temporar sediul ONCR p\u00e2n\u0103 se g\u0103se\u0219te o alt\u0103 solu\u021bie, deci au fost scutite cheltuieli administrative substan\u021biale.<\/p>\n<p><em>O observa\u021bie personal\u0103 aici, bugetele echipelor de programe \u0219i resurse umane au fost retezate la o treime, lucru care nu poate veni ca o surpriz\u0103 \u00een contextul \u00een care \u00een AG2013 la Cluj au fost puse \u00een buget &#8222;din burt\u0103&#8221; dup\u0103 o discu\u021bie aprins\u0103 \u00een sal\u0103 pentru c\u0103 nu erau cuprinse deloc \u00een bugetul propus ini\u021bial.<\/em><\/p>\n<p>Discu\u021biile\u00a0despre bugetul lui 2015 au fost considerabil mai aprinse dec\u00e2t la rectificare, dar pe acela\u0219i subiect, cel al bugetului departamentului de programe \u0219i al departamentului de resurse umane, care de data asta au fost prinse \u00een buget dar sursele de finan\u021bare au fost strict cele externe (finan\u021b\u0103ri \/ sponsoriz\u0103ri), reprezentan\u021bii Echipei Na\u021bionale de Programe (ENP) identific\u00e2nd \u00een asta un risc real de a fi complet nefinan\u021ba\u021bi \u00een 2015. C\u00e2teva idei aici:<\/p>\n<ul>\n<li>capitolul de imagine extern\u0103, s\u0103-i zic a\u0219a, nu a fost cuprins \u00een buget<\/li>\n<li>dup\u0103 un vot e\u0219uat, s-au\u00a0bugetat cumva artificial din fonduri de cotiza\u021bii \u0219i\u00a0departamentele de programe \/ resurse umane<\/li>\n<li>fondul 100, adoptat\u00a0anul trecut <em>\u00een limita fondurilor<\/em>, nu a\u00a0mai ap\u0103rut de loc anul \u0103sta<\/li>\n<\/ul>\n<p><em>Ca opinie personal\u0103, \u0219i s-a zis asta \u0219i acolo \u00een AG, banii din cotiza\u021bii nu ajung s\u0103 acopere toate\u00a0nevoile organiza\u021biei, a\u0219a cum au fost ele definite \u00een buget (\u0219i diferen\u021ba nu este nesemnificativ\u0103, cotiza\u021biile acoperind undeva la 20% din buget). <\/em><\/p>\n<p><em>Cotiza\u021bia a fost calculat\u0103 \u00een 2011 s\u0103 acopere nevoile administrative ale organiza\u021biei, \u00een a\u0219a fel \u00eenc\u00e2t func\u021bionarea legal\u0103 minimal\u0103 a organiza\u021biei s\u0103 nu depind\u0103 de ni\u0219te proiecte care s-ar putea s\u0103 ias\u0103 sau s\u0103 nu ias\u0103. \u0218tiu asta, indiferent de ce s-a sus\u021binut \u00een Adunarea General\u0103, pentru c\u0103 am fost acolo c\u00e2nd s-a calculat.<\/em><\/p>\n<p><em>Totu\u0219i, sunt zone, cea de training-uri mi se pare cea mai evident\u0103, unde\u00a0Centrele Locale ar putea investi bani din bugetele proprii (2% local merge destul de bine local, spre exemplu) \u00een bugetele departamentelor,\u00a0pentru a ajuta la organizarea stagiilor care \u00eei privesc direct.<\/em><\/p>\n<h3><strong>Desfiintari, infiintari de Centre Locale<\/strong><\/h3>\n<p>S-au desfiin\u021bat toate Centrele Locale propuse spre desfiin\u021bare (Baden Powell, \u00a0Corabia, C\u0103lim\u0103ne\u0219ti, Aventura R\u0103d\u0103u\u021bi \u0219i Vintil\u0103 Vod\u0103 Slatina). Primul a devenit, \u00eempreun\u0103 cu al\u021bi lideri \u0219i cerceta\u0219i care au p\u0103r\u0103sit &#8222;barca&#8221; ONCR, o alt\u0103 asocia\u021bie de cerceta\u0219i.\u00a0De urm\u0103rit dac\u0103 urma\u0219ul\u00a0lui Dim\u0103ncescu &#8211; cerceta\u0219ul interbelic &#8211; este un organizator \u0219i un motor la fel de bun ca originalul, sau mi\u0219carea lui e doar una\u00a0de h\u00e2rtie.<\/p>\n<p><em>Corabia, C\u0103lim\u0103ne\u0219ti \u0219i Vintil\u0103 Vod\u0103 Slatina erau Centre Locale cu probleme \u0219i c\u00e2nd eram eu \u00een Consiliul Director, formate sau r\u0103mase ani de zile \u00een jurul unei singure persoane care, atunci c\u00e2nd a fost nevoit\u0103 s\u0103 lase lucrurile mai moale, nu a g\u0103sit niciun succesor. Aventura R\u0103d\u0103u\u021bi a fost, din p\u0103cate, unul din acele centre care au trecut prea u\u0219or de filtrul Adun\u0103rii Generale, desfiin\u021b\u00e2ndu-se foarte repede dup\u0103\u00a0\u00eenfiin\u021bare.<\/em><\/p>\n<p><strong>Au fost dou\u0103 centre locale care au solicitat transformarea din sucursal\u0103 \u00een\u00a0filial\u0103<\/strong>, cel din Valea Lupului \u0219i cel din Constan\u021ba, ambele primind girul Adun\u0103rii Generale, \u0219i ambele av\u00e2nd \u00een mod evident tot ce e nevoie ca s\u0103 poat\u0103 s\u0103 duc\u0103 o asemenea responsabilitate, chiar dac\u0103 acest pas va \u00eensemna ceva mai mult\u0103 munc\u0103 administrativ\u0103 \u0219i cheltuieli adi\u021bionale din partea lor. <em>Demn de men\u021bionat aici este c\u0103 ambele Centre Locale devin filiale \u00een zone \u00een care nu avem \u00eenc\u0103 filiale, nici m\u0103car aproape (100km).<\/em><\/p>\n<p>La capitolul Grupuri de Ini\u021biativ\u0103 care au primit autoriza\u021bie permanent\u0103 de func\u021bionare, devenind Centre Locale ale Organiza\u021biei Na\u021bionale Cerceta\u0219i Rom\u00e2niei, au fost primite\u00a0<strong>toate<\/strong> cele care au &#8222;candidat&#8221; \u0219i au fost prezente:<\/p>\n<ol>\n<li><span style=\"color: #c0c0c0;\">Cerceta\u0219ii Rodnei, Bor\u0219a (nu au fost prezen\u021bi)<\/span><\/li>\n<li>Cobor\u00e2rea Duhului Sf\u00e2nt, Adjudeni<\/li>\n<li>Dimitrie \u021aichindeal, Arad<\/li>\n<li>Nord, Cluj Napoca<\/li>\n<li>Aetos, Drobeta Turnu-Severin<\/li>\n<li>Cerceta\u0219ii din \u021aara Luanei, Buz\u0103u<\/li>\n<li>Cerceta\u0219ii Inimi B\u0103im\u0103rene, Baia Mare<\/li>\n<li>Constantin Sapatino, Ia\u0219i<\/li>\n<li>George C\u0103linescu, Ia\u0219i<\/li>\n<li>Posada, Peri\u0219ani<\/li>\n<li>Sf. Nicolae, Bucure\u0219ti<\/li>\n<li>Ro\u0219ia Montan\u0103<\/li>\n<li>Sf. Francisc,\u00a0Ia\u0219i<\/li>\n<li>Sf. Fecioar\u0103 Maria Regin\u0103, Bucure\u0219ti<\/li>\n<\/ol>\n<p>\u00cen Consiliul Centrului Local \u0219i apoi \u00eempreun\u0103 cu alte c\u00e2teva Centre Locale, am decis s\u0103 nu sus\u021binem\u00a0\u00eenfiin\u021barea ca Centru Local a grupurilor care \u00een perioada de candidatur\u0103 nu au avut <em>m\u0103car un camp de dou\u0103 zile<\/em> cu una din unit\u0103\u021bile din Centrul Local.<\/p>\n<p>Cred c\u0103 campul este locul unde se tr\u0103ie\u0219te cu adev\u0103rat cercet\u0103\u0219ia \u0219i unde devine foarte clar \u0219i pentru lideri, \u0219i pentru poten\u021bialii cerceta\u0219i\u00a0dac\u0103 sunt sau nu f\u0103cu\u021bi pentru a\u0219a ceva. Au\u00a0fost mai pu\u021bin de jum\u0103tate din grupuri care au \u00eendeplinit criterul \u0103sta, dar\u00a0am fost doar 4 sau 5 Centre Locale care l-am \u0219i aplicat \u00een evaluarea lor.<\/p>\n<p>Cred c\u0103 se d\u0103 foarte u\u0219or \u0219i cam\u00a0gr\u0103bit votul Adun\u0103rii Generale pentru Grupurile de Ini\u021biativ\u0103, lucru care este periculos pentru func\u021bionarea \u00een general a cercet\u0103\u0219iei. A fost necesar\u0103 o interven\u021bie pentru a evita\u00a0<em>votarea \u00een bloc\u00a0<\/em>pentru toate GI-urile, f\u0103r\u0103 s\u0103 se prezinte \/ discute.\u00a0Discu\u021bia aici este mai lung\u0103, cred c\u0103 voi \u00eencerca s\u0103 scriu separat despre asta, dar \u00eemi este evident c\u0103 criteriile\u00a0cantitative\u00a0(6 luni vechime, 25 de membri, ni\u0219te b\u0103nu\u021bi)\u00a0sunt complet insuficiente.<\/p>\n<p>Totu\u0219i, am petrecut noaptea de vineri, \u00een loc s\u0103 c\u00e2nt\u0103m cu restul lumii, \u00een camera de hotel, \u00eempreun\u0103 cu o parte\u00a0din delega\u021bii Centrelor Locale care v\u0103d cercet\u0103\u0219ia la fel ca noi,\u00a0citind rapoartele GI-urilor \u0219i \u00eencerc\u00e2nd s\u0103 decidem care este cel mai bun vot pentru noi ca\u00a0mi\u0219care, ca &#8222;familie&#8221;. Temerea mea este c\u0103 au fost multe\u00a0Centrele Locale care au votat cu dou\u0103 m\u00e2ini \u00eenfiin\u021barea de Centre Locale av\u00e2nd \u00een vedere doar\u00a0eventual prietenia delega\u021bilor cu persoanele care activeaz\u0103 \u00een acele centre \u0219i dorin\u021ba de termina o dat\u0103 cu votul.<\/p>\n<p>Un caz particular merit\u0103 men\u021bionat aici ca ie\u0219ind chiar \u0219i din tiparul &#8222;ma\u0219inii de vot&#8221; obi\u0219nuite a Adun\u0103rilor Generale la capitolul \u00eenfiin\u021bare.\u00a0Cerceta\u0219ii Inimi B\u0103im\u0103rene au fost primi\u021bi \u00een ONCR ca Centru Local f\u0103r\u0103 s\u0103 pl\u0103teasc\u0103 un leu de cotiza\u021bie, \u00eempotriva avizului Consiliului Director, cu un raport de activitate din care cu greu am deslu\u0219it care au fost activit\u0103\u021bile,\u00a0\u0219i cu un steag cu elemente cel pu\u021bin nepotrivite pentru o organiza\u021bie a Cerceta\u0219ilor\u00a0<strong>Rom\u00e2niei\u00a0<\/strong>(mul\u021bumesc celor care au observat \u0219i mi-au explicat &#8230;).<\/p>\n<p><em>N-a\u0219 vrea s\u0103 fiu \u00een\u021beles gre\u0219it, am toat\u0103 speran\u021ba c\u0103 ne vom \u00eent\u00e2lni cu toate Centrele Locale noi \u0219i la anul \u0219i c\u0103 acelea care au nevoie vor fi corectat\u00a0lucrurile pentru care noi nu le-am sus\u021binut \u00een Adunarea General\u0103. Le urez\u00a0succes \u0219i dac\u0103 cred c\u0103 pot s\u0103 le fiu de folos cumva, m\u0103 pot g\u0103si la informa\u021biile de contact la care au, de azi, acces :)<\/em><\/p>\n<p><strong>La polul opus, sunt \u00een mod special foarte fericit c\u0103\u00a0pot felicita Centrul Local\u00a0Nord Cluj, care <del datetime=\"2014-05-13T08:49:50+00:00\">cred c\u0103 au dep\u0103\u0219it toate\u00a0recordurile pentru un GI<\/del><\/strong>,<strong>\u00a0ca \u0219i Centrul Local Cerceta\u0219ii Marini din Constan\u021ba anul trecut, au intrat direct \u00een categoria\u00a0Centrelor Locale mari\u00a0(\u0219i ca \u0219i num\u0103r de membri \u0219i ca \u0219i activit\u0103\u021bi la momentul \u00eenfiin\u021b\u0103ri). <\/strong>Ne vedem pe\u00a0c\u0103r\u0103ri de munte vara asta, prieteni!<\/p>\n<p>De asemenea, men\u021bionez aici cu \u00eemplinire \u00eenfiin\u021barea <strong>Centrului Local Aetos Drobeta Turnu-Severin<\/strong>,\u00a0un grup de tineri curajo\u0219i \u0219i implica\u021bi, \u00eentr-o parte a \u021b\u0103rii unde lumina cercet\u0103\u0219iei nu a prea b\u0103tut p\u00e2n\u0103 acum \u0219i pe care am \u00eencercat s\u0103-i sprijinim de la \u00eenceput, \u0219i pe\u00a0care i-am \u00eent\u00e2lnit nu o dat\u0103. Felicit\u0103ri!<em>\u00a0<\/em><\/p>\n<p>Continuarea acestui post poate fi citit\u0103 <a href=\"yeti.albascout.ro\/blog\/adunarea-generala-2014-partea-ii\/\">aici<\/a>.<\/p>\n","protected":false},"excerpt":{"rendered":"<p>Ne-am \u00eentors azi diminea\u021b\u0103 de la Bucure\u0219ti, unde am participat Adunarea General\u0103 a ONCR, \u00eent\u00e2lnirea anual\u0103 a\u00a0Centrelor Locale, unde am reprezentat cerceta\u0219ii din Alba Iulia.\u00a0Au fost discutate multe aspecte, idei \u0219i propuneri despre via\u021ba \u0219i structura organiza\u021biei. Pentru c\u0103 cred \u00een implicarea tinerilor \u00een luarea deciziilor \u0219i la acest nivel,\u00a0\u00een transparen\u021b\u0103 \u0219i mai ales \u00eentr-o &hellip; <a href=\"https:\/\/yeti.albascout.ro\/blog\/adunarea-generala-2014\/\" class=\"more-link\">Continu\u0103 s\u0103 cite\u0219ti <span class=\"screen-reader-text\">Adunarea Generala 2014 &#8211; partea I<\/span><\/a><\/p>\n","protected":false},"author":1,"featured_media":2938,"comment_status":"open","ping_status":"open","sticky":false,"template":"","format":"standard","meta":{"jetpack_post_was_ever_published":false,"_jetpack_newsletter_access":"","_jetpack_dont_email_post_to_subs":false,"_jetpack_newsletter_tier_id":0,"_jetpack_memberships_contains_paywalled_content":false,"_jetpack_memberships_contains_paid_content":false,"footnotes":""},"categories":[556,563],"tags":[742,580,589],"class_list":["post-2929","post","type-post","status-publish","format-standard","has-post-thumbnail","hentry","category-cercetasi","category-parerea-mea","tag-ag","tag-bucureti","tag-cercetai"],"jetpack_featured_media_url":"https:\/\/yeti.albascout.ro\/blog\/wp-content\/uploads\/2014\/05\/DSC_8779.jpg","jetpack_sharing_enabled":true,"_links":{"self":[{"href":"https:\/\/yeti.albascout.ro\/blog\/wp-json\/wp\/v2\/posts\/2929","targetHints":{"allow":["GET"]}}],"collection":[{"href":"https:\/\/yeti.albascout.ro\/blog\/wp-json\/wp\/v2\/posts"}],"about":[{"href":"https:\/\/yeti.albascout.ro\/blog\/wp-json\/wp\/v2\/types\/post"}],"author":[{"embeddable":true,"href":"https:\/\/yeti.albascout.ro\/blog\/wp-json\/wp\/v2\/users\/1"}],"replies":[{"embeddable":true,"href":"https:\/\/yeti.albascout.ro\/blog\/wp-json\/wp\/v2\/comments?post=2929"}],"version-history":[{"count":11,"href":"https:\/\/yeti.albascout.ro\/blog\/wp-json\/wp\/v2\/posts\/2929\/revisions"}],"predecessor-version":[{"id":2953,"href":"https:\/\/yeti.albascout.ro\/blog\/wp-json\/wp\/v2\/posts\/2929\/revisions\/2953"}],"wp:featuredmedia":[{"embeddable":true,"href":"https:\/\/yeti.albascout.ro\/blog\/wp-json\/wp\/v2\/media\/2938"}],"wp:attachment":[{"href":"https:\/\/yeti.albascout.ro\/blog\/wp-json\/wp\/v2\/media?parent=2929"}],"wp:term":[{"taxonomy":"category","embeddable":true,"href":"https:\/\/yeti.albascout.ro\/blog\/wp-json\/wp\/v2\/categories?post=2929"},{"taxonomy":"post_tag","embeddable":true,"href":"https:\/\/yeti.albascout.ro\/blog\/wp-json\/wp\/v2\/tags?post=2929"}],"curies":[{"name":"wp","href":"https:\/\/api.w.org\/{rel}","templated":true}]}}