{"id":2924,"date":"2014-04-09T10:45:19","date_gmt":"2014-04-09T08:45:19","guid":{"rendered":"http:\/\/yeti.albascout.ro\/blog\/?p=2924"},"modified":"2014-04-09T10:47:40","modified_gmt":"2014-04-09T08:47:40","slug":"candidez","status":"publish","type":"post","link":"https:\/\/yeti.albascout.ro\/blog\/candidez\/","title":{"rendered":"Candidez :)"},"content":{"rendered":"<p>In dou\u0103 s\u0103pt\u0103m\u00e2ni \u00eenchei cel de-al doilea mandat ca \u0218ef de Centru Local. Pe mandatul consiliul de acum am f\u0103cut cu to\u021bii pa\u0219i frumo\u0219i pentru cre\u0219terea Centrului Local, \u0219i rezultatele se v\u0103d: suntem mai mul\u021bi, \u0219i, mai important, mai activi acum dec\u00e2t eram acum trei ani.\u00a0Structura de conducere a Centrului Local a evoluat \u0219i ea ca s\u0103 r\u0103spund\u0103 nevoilor cre\u0219terii grupului, \u0219i multe ore ale s\u0103pt\u0103m\u00e2nii se duc pentru munca administrativ\u0103 din Consiliu, pe l\u00e2ng\u0103 \u00eent\u00e2lnirile la fiecare dou\u0103 s\u0103pt\u0103m\u00e2ni, dar orele \u00een plus se v\u0103d.<\/p>\n<p>De c\u00e2nd m-am mutat la Cluj am reu\u0219it s\u0103 fiu mai activ \u00een unele zone, mai ales la activit\u0103\u021bi ale unit\u0103\u021bilor, lucru care \u00eemi era foarte dificil \u00een anii trecu\u021bi \u0219i care m\u0103 motiveaz\u0103 suplimentar :)\u00a0<strong>De aceea, chiar dac\u0103 (\u00eenc\u0103) nu locuiesc la Alba Iulia \u0219i vor exista \u00een continuare tot felul de minusuri asociate cu asta, am hot\u0103r\u00e2t s\u0103 candidez la \u00eenc\u0103 un mandat de \u0218ef de Centru Local<\/strong>.<!--more--><\/p>\n<p>\u00cen formularul de candidatur\u0103 este o rubric\u0103 care zice a\u0219a &#8222;<em>descrie \u00een c\u00e2teva r\u00e2nduri de ce vrei s\u0103 candidezi<\/em>&#8222;. Asta am scris eu:<\/p>\n<blockquote><p>\u00cen ultimii trei ani, Centrul nostru Local a avut o vizibil\u0103 cre\u0219tere cantitativ\u0103, dar \u0219i calitativ\u0103. Cre\u0219terea nu vine f\u0103r\u0103 costuri, astfel consider c\u0103 urm\u0103toarea perioad\u0103 ar trebui dedicat\u0103 consolid\u0103rii cre\u0219terii ultimilor ani \u0219i cre\u0219terii calit\u0103\u021bii aplic\u0103rii metodei Scout (mai ales \u00een zona de progres personal pentru ramurile de v\u00e2rst\u0103). De asemenea, strategia curent\u0103 de concentrare pe activitatea de unitate a dat roade anul trecut \u0219i \u00eemi doresc s\u0103 contribui la men\u021binerea ei.<\/p>\n<p>Pe zona administrativ\u0103 am reu\u0219it s\u0103 definim o serie de proceduri, dar ele mai au nevoie de suportul practic pentru implementare. Cred c\u0103 continua dezvoltare a Scoutfile pe zonele cheie Membri, Documente \u0219i Evenimente ne vor ajuta s\u0103 economisim timp \u0219i s\u0103 p\u0103str\u0103m accentul pe activit\u0103\u021bi cu copii, nu pe birocra\u021bie.<\/p>\n<p>\u00cemi doresc ca Centrul Local s\u0103 r\u0103m\u00e2n\u0103 un model pentru cerceta\u0219ii care ajung s\u0103 ne cunoasc\u0103 \u0219i s\u0103 ajung\u0103 s\u0103 ne cunoasc\u0103 c\u00e2t mai mul\u021bi cerceta\u0219i. Cred c\u0103 putem construi rapid \u0219i cu succes pe platformele de comunicare pe care le-am consacrat, cu o strategie de promovare bine pus\u0103 la punct.<\/p>\n<p>Cred, de asemenea, c\u0103 avem nevoie s\u0103 cre\u0219tem pe partea de adul\u021bi, at\u00e2t \u00een calitate c\u00e2t \u0219i \u00een cantitate, motiv pentru care doresc continuarea demersurilor pentru editarea unui Manual de Camp, dar \u0219i a altor ghiduri practice pentru lideri. \u00cemi propun s\u0103 contribui la rezolvarea stagiilor de preg\u0103tire pentru lideri cerceta\u0219i, la cre\u0219terea frecven\u021bei stagiilor \u0219i simplificarea particip\u0103rii la ele.<\/p>\n<p>Este convingerea mea c\u0103 cercet\u0103\u0219ia are \u0219anse s\u0103 schimbe ceva vizibil \u00een societatea rom\u00e2neasc\u0103, dar doar dac\u0103 se dezvolt\u0103 puternic \u0219i \u00een afara grani\u021belor ora\u0219ului nostru. De aceea, \u00eemi doresc continui sprijinirea grupurilor de ini\u021biativ\u0103 existente \u0219i eventual sprijinirea \u00eenfiin\u021b\u0103rii altor grupuri \u00een jude\u021b.<\/p>\n<p>Nu \u00een ultimul r\u00e2nd \u00eemi propun sus\u021binerea unor proiecte mai mari, dezvoltate de Centrul nostru Local \u00een folosul comunit\u0103\u021bii, cum ar fi \u00eembun\u0103t\u0103\u021birea accesului turistic \u0219i \u00eencurajarea turismului \/ sportului pe Dealul Mamut \u0219i derularea unor ac\u021biuni de \u00eembun\u0103t\u0103\u021bire continu\u0103 \u00een unit\u0103\u021bile de \u00eenv\u0103\u021b\u0103m\u00e2nt din Alba Iulia pe modelul ac\u021biunilor 5S Public.<\/p><\/blockquote>\n","protected":false},"excerpt":{"rendered":"<p>In dou\u0103 s\u0103pt\u0103m\u00e2ni \u00eenchei cel de-al doilea mandat ca \u0218ef de Centru Local. Pe mandatul consiliul de acum am f\u0103cut cu to\u021bii pa\u0219i frumo\u0219i pentru cre\u0219terea Centrului Local, \u0219i rezultatele se v\u0103d: suntem mai mul\u021bi, \u0219i, mai important, mai activi acum dec\u00e2t eram acum trei ani.\u00a0Structura de conducere a Centrului Local a evoluat \u0219i ea &hellip; <a href=\"https:\/\/yeti.albascout.ro\/blog\/candidez\/\" class=\"more-link\">Continu\u0103 s\u0103 cite\u0219ti <span class=\"screen-reader-text\">Candidez :)<\/span><\/a><\/p>\n","protected":false},"author":1,"featured_media":0,"comment_status":"open","ping_status":"open","sticky":false,"template":"","format":"standard","meta":{"jetpack_post_was_ever_published":false,"_jetpack_newsletter_access":"","_jetpack_dont_email_post_to_subs":false,"_jetpack_newsletter_tier_id":0,"_jetpack_memberships_contains_paywalled_content":false,"_jetpack_memberships_contains_paid_content":false,"footnotes":""},"categories":[556],"tags":[567,589],"class_list":["post-2924","post","type-post","status-publish","format-standard","hentry","category-cercetasi","tag-alba-iulia","tag-cercetai"],"jetpack_featured_media_url":"","jetpack_sharing_enabled":true,"_links":{"self":[{"href":"https:\/\/yeti.albascout.ro\/blog\/wp-json\/wp\/v2\/posts\/2924","targetHints":{"allow":["GET"]}}],"collection":[{"href":"https:\/\/yeti.albascout.ro\/blog\/wp-json\/wp\/v2\/posts"}],"about":[{"href":"https:\/\/yeti.albascout.ro\/blog\/wp-json\/wp\/v2\/types\/post"}],"author":[{"embeddable":true,"href":"https:\/\/yeti.albascout.ro\/blog\/wp-json\/wp\/v2\/users\/1"}],"replies":[{"embeddable":true,"href":"https:\/\/yeti.albascout.ro\/blog\/wp-json\/wp\/v2\/comments?post=2924"}],"version-history":[{"count":3,"href":"https:\/\/yeti.albascout.ro\/blog\/wp-json\/wp\/v2\/posts\/2924\/revisions"}],"predecessor-version":[{"id":2927,"href":"https:\/\/yeti.albascout.ro\/blog\/wp-json\/wp\/v2\/posts\/2924\/revisions\/2927"}],"wp:attachment":[{"href":"https:\/\/yeti.albascout.ro\/blog\/wp-json\/wp\/v2\/media?parent=2924"}],"wp:term":[{"taxonomy":"category","embeddable":true,"href":"https:\/\/yeti.albascout.ro\/blog\/wp-json\/wp\/v2\/categories?post=2924"},{"taxonomy":"post_tag","embeddable":true,"href":"https:\/\/yeti.albascout.ro\/blog\/wp-json\/wp\/v2\/tags?post=2924"}],"curies":[{"name":"wp","href":"https:\/\/api.w.org\/{rel}","templated":true}]}}