{"id":2831,"date":"2013-09-19T02:41:43","date_gmt":"2013-09-19T00:41:43","guid":{"rendered":"http:\/\/yeti.albascout.ro\/blog\/?p=2831"},"modified":"2013-09-19T02:45:22","modified_gmt":"2013-09-19T00:45:22","slug":"despre-cadrul-simbolic-in-campuri-de-centru-local-episodul-2-taramul-zmeilor","status":"publish","type":"post","link":"https:\/\/yeti.albascout.ro\/blog\/despre-cadrul-simbolic-in-campuri-de-centru-local-episodul-2-taramul-zmeilor\/","title":{"rendered":"Cadrul simbolic in campuri de Centru Local, episodul 2"},"content":{"rendered":"<p>De obicei nu reu\u0219esc s\u0103 scriu un post despe campul de var\u0103. Sunt a\u0219a multe lucruri de povestit, at\u00e2tea detalii interesante c\u0103 de obicei nu \u0219tiu de unde s\u0103 \u00eencep \u0219i unde s\u0103 termin a\u0219a c\u0103 ajung s\u0103 nu mai public ce scriu. De data asta \u00eens\u0103 m-am g\u00e2ndit s\u0103 profit \u0219i de ideea post-ului anterior \u0219i s\u0103 v\u0103 povestesc despre aventurile noastre pe T\u0103r\u00e2mul Zmeilor din perspectiva cadrului simbolic.<\/p>\n<p>\u00cenainte s\u0103 v\u0103 spun despre cadrul simbolic al campului nostru de anul \u0103sta, trebuie s\u0103 v\u0103 dau c\u00e2teva detalii cu privire la grupul nostru. Campurile noastre de var\u0103 s-au f\u0103cut, \u00een diferite forme de la \u00eenfiin\u021bare. \u00a0<!--more-->De obicei \u00een luna august, campul invit\u0103 to\u021bi membrii (lupi\u0219ori &#8211; adul\u021bi). De c\u00e2\u021biva ani campul dureaz\u0103 9 zile, de s\u00e2mb\u0103t\u0103 p\u00e2n\u0103 duminica cealalt\u0103, \u0219i are ni\u0219te elemente care \u00een general se fac \u00een fiecare an:<\/p>\n<ul>\n<li>hike de 2 sau de 3 zile pentru eXploratori \u0219i temerari, 1 zi pentru lupi\u0219ori.<\/li>\n<li>olimpiada, o zi cu probe pentru toat\u0103 lumea<\/li>\n<li>cross-country game, un joc care \u00eei implic\u0103 pe to\u021bi cerceta\u0219ii amesteca\u021bi (f\u0103r\u0103 s\u0103 \u021bin\u0103 cont de patrule, ramuri de v\u00e2rst\u0103) &#8230;<\/li>\n<li>ziua por\u021bilor deschise, c\u00e2nd p\u0103rin\u021bii \u0219i prietenii pot veni \u00een vizit\u0103<\/li>\n<li>seara farfuriilor deschise, c\u00e2nd fiecare patrul\u0103 g\u0103te\u0219te ceva bun de m\u00e2ncare<\/li>\n<li>dou\u0103 zile de construc\u021bii de camp<\/li>\n<li>fiesta + fiesta lupi\u0219orilor (lupi\u0219orii vin mar\u021bea \u0219i stau p\u00e2n\u0103 s\u00e2mb\u0103ta)<\/li>\n<li>depunerea de promisiune (care \u00een general are loc seara, \u0219i nu se face neap\u0103rat \u00eentr-o singur\u0103 sear\u0103)<\/li>\n<\/ul>\n<p>Desigur, fiecare unitate mai are \u0219i alte activit\u0103\u021bi. \u00cen func\u021bie de vreme, de disponibilitatea liderilor \u0219i de oferta local\u0103, programul este umplut cu activit\u0103\u021bi.<\/p>\n<p>\u00cen campurile noastre este comun s\u0103 avem un v\u00e2rf de 100 de cerceta\u0219i. Anul \u0103sta am avut un v\u00e2rf de 150 de cerceta\u0219i, \u0219i avem de la lupi\u0219ori la cerceta\u0219i care sunt p\u0103rin\u021bi de cerceta\u0219i.<\/p>\n<p>Ok, \u00een contextul \u0103sta, anul \u0103sta am avut o provocare nou\u0103 &#8211; am avut un loc de camp nou, foarte fain, la Col\u021be\u0219ti, cu vedere liber\u0103 la o cetate medieval\u0103 (eram la baza dealului cet\u0103\u021bii, f\u0103ceam 20 de minute p\u00e2n\u0103 sus). Am avut de asemenea un num\u0103r mare de lupi\u0219ori \u0219i un procent mare (25%+) de cerceta\u0219i care se g\u0103seau pentru prima oar\u0103 \u00eentr-un camp de forma asta, a\u0219a c\u0103 era musai s\u0103 avem o poveste pe m\u0103sur\u0103.<\/p>\n<p>Ca s\u0103 v\u0103 face\u021bi o idee, uite c\u00e2teva din pove\u0219tile altor ani pe care mi le amintesc acum:<\/p>\n<ul>\n<li>Dacii \u0219i Romanii (2000, \u0218ureanu)<\/li>\n<li>Robin Hood (2001?, Lunca Mete\u0219ului)<\/li>\n<li>Vestul S\u0103lbatic (nu \u00eemi amintesc exact anul, noi eram indienii)<\/li>\n<li>Cavalerii Mesei Rotunde (nici aici nu \u00eemi amintesc exact anul)<\/li>\n<li>To\u021bi pentru unu \u0219i unu pentru to\u021bi (TP1, Cetea, 2004)<\/li>\n<li>\u0218uridava (cu poveste cu daci, \u0218ureanu, 2008)<\/li>\n<li>Cetatea Mete\u0219ului (tem\u0103 medieval\u0103, Lunca Mete\u0219ului, 2009)<\/li>\n<li>Apuseni eXperiment (\u00eenpoi \u00een viitor &#8211; G\u00e2rda Seac\u0103, 2010)<\/li>\n<li>Epoca de Piatr\u0103 (Lunca Mete\u0219ului, 2011)<\/li>\n<li>Olimpiada \u00een bocanci (G\u00e2rda Seac\u0103, 2012)<\/li>\n<\/ul>\n<p>Mai mul\u021bi dintre liderii no\u0219tri sunt pasiona\u021bi de universul lui Tolkien, \u0219i dac\u0103 nu au citit c\u0103r\u021bile au v\u0103zut filmele. Grupul de lucru pentru Campul Centrului Local, un grup de lideri \u00eens\u0103rcinat prin aprilie cu identificarea locului de camp \u0219i a unor teme potrivite a venit ini\u021bial cu propunerea Lord of the Rings. Discut\u00e2nd \u00een consiliul extins, mai ales cu liderii de lupi\u0219ori, a devenit evident c\u0103 povestea poate fi bazat\u0103 pe universul fantastic al autorului Lord of the Rings, dar nu poate aduce complexitatea \u0219i terminologia lui \u00eentru totul \u00een poveste, pentru c\u0103 ar fi fost foarte greu de explicat.<\/p>\n<p>A\u0219a c\u0103 am simplificat un pic lucrurile. Ideea general\u0103 fiind stabilit\u0103, am \u00eenceput prin a scrie o schi\u021b\u0103 de poveste de \u00eenceput &#8211; care s\u0103 con\u021bin\u0103 a\u0219a, minimul necesar ca s\u0103 fac\u0103 imagina\u021bia cerceta\u0219ilor s\u0103 lucreze, ideea de la care s\u0103 pornim povestea campului. De la Middle Earth \u0219i de la toate rasele care \u00eel locuiau, dar \u0219i pentru c\u0103 Col\u021be\u0219ti este la noi \u00een Apuseni, cerceta\u0219ii au devenit popoarele Apusului &#8211; popoarele cu numele \u0219i cu culorile lor de la cerceta\u0219i &#8211; spre exemplu lupi\u0219orii au fost poporul lupi\u0219orilor sau poporul galben.<\/p>\n<p>L-am l\u0103sat de o parte pe Sauron \u0219i povestea inelelor \u0219i am inventat un du\u0219man foarte ambiguu \u0219i nedefinit &#8211; \u0219i l-am botezat R\u0103ul (gurile rele au \u00een\u021beles c\u0103 e spaniol \u0219i-l cheam\u0103 Raul, dar s\u0103 trecem peste asta).<\/p>\n<p>Mai bine v\u0103 dau s\u0103 citi\u021bi\u00a0<em>in extenso\u00a0<\/em>povestea de \u00eenceput:<\/p>\n<blockquote>\n<figure id=\"attachment_2858\" aria-describedby=\"caption-attachment-2858\" style=\"width: 212px\" class=\"wp-caption alignleft\"><a href=\"http:\/\/yeti.albascout.ro\/blog\/wp-content\/uploads\/2013\/09\/intro_tema_camp.png\"><img loading=\"lazy\" decoding=\"async\" class=\"size-medium wp-image-2858 \" alt=\"Povestea ini\u021bial\u0103\" src=\"http:\/\/yeti.albascout.ro\/blog\/wp-content\/uploads\/2013\/09\/intro_tema_camp-212x300.png\" width=\"212\" height=\"300\" srcset=\"https:\/\/yeti.albascout.ro\/blog\/wp-content\/uploads\/2013\/09\/intro_tema_camp-212x300.png 212w, https:\/\/yeti.albascout.ro\/blog\/wp-content\/uploads\/2013\/09\/intro_tema_camp-724x1024.png 724w, https:\/\/yeti.albascout.ro\/blog\/wp-content\/uploads\/2013\/09\/intro_tema_camp.png 960w\" sizes=\"auto, (max-width: 212px) 100vw, 212px\" \/><\/a><figcaption id=\"caption-attachment-2858\" class=\"wp-caption-text\">Povestea ini\u021bial\u0103<\/figcaption><\/figure>\n<p>Este anul 492 din al doilea Ev al acestui P\u0103m\u00e2nt, \u0219i popoarele de pe vasta \u00eentindere a Apusului tr\u0103iesc \u00een pace \u0219i prosperitate, aproape \u00een izolare unele fa\u021b\u0103 de altele, singurele ve\u0219ti din Apus \u0219i din \u021b\u0103rile ciudate care vin dup\u0103 grani\u021bele acestuia venind prin intermediul aventurierilor, \u0219i a negustorilor. A trecut mult\u0103 vreme de c\u00e2nd R\u0103ul a \u00eencercat ultima dat\u0103 s\u0103 cucereasc\u0103 Apusul, \u0219i istoria a devenit legend\u0103, iar legenda poveste \u2013 genera\u021biile de acum auzind numele R\u0103ului spus doar \u00een pove\u0219tile \u00eenfrico\u0219\u0103toare ale bunicilor \u0219i str\u0103bunicilor lor.<\/p>\n<p>Au trecut \u00eens\u0103 mai multe s\u0103pt\u0103m\u00e2ni, mult prea multe s\u0103pt\u0103m\u00e2ni, de c\u00e2nd n-au mai ap\u0103rut negustori sau c\u0103l\u0103tori cu ve\u0219ti din teritoriile de dup\u0103 Apus. Lini\u0219tea preveste\u0219te ceva r\u0103u, \u0219i au \u00eenceput s\u0103 apar\u0103 zvonuri cum c\u0103 dinspre grani\u021ba Apusului se \u00eentinde o cea\u021b\u0103 deas\u0103, care opre\u0219te razele Soarelui \u0219i aduce \u00eentunericul \u0219i frigul. Foarte pu\u021bine ve\u0219ti mai vin dinspre satele vecine, \u0219i nu sunt de bun augur\u00a0\u2013 \u00eenv\u0103luite de cea\u021b\u0103 satele \u0219i popoarele vecine devin posace, triste \u0219i t\u0103cute, cea\u021ba le r\u0103pe\u0219te toat\u0103 bucuria de a tr\u0103i. Semnele amintesc de vechile pove\u0219ti, pericolul este aproape \u2013 R\u0103ul \u00eencearc\u0103 s\u0103 se \u00eentoarc\u0103 din nou \u00een Apus.<\/p>\n<p>Izolat de ceilal\u021bi prin p\u00e2lcuri de negur\u0103, fiecare popor se \u00eentoarce la legende \u0219i pove\u0219tile spuse la gura sobei, \u00eencerc\u00e2nd s\u0103 recreze cronica ultimii veniri a R\u0103ului, \u00een speran\u021ba c\u0103 \u00een ea se va g\u0103si cheia de a-l alunga o dat\u0103 pentru totdeauna din Apus.<\/p>\n<p>Toate indiciile, toate pove\u0219tile vorbesc despre un loc ciudat \u0219i misterios, unde tr\u0103iesc Zmeii, posesori ale unor puteri magice teribile, care pot fi folosite \u0219i pentru bine, \u0219i pentru r\u0103u. Singurul mod de a ajunge acolo, pe T\u0103r\u00e2mul Zmeilor pare a fi Cetatea cu Col\u021b, o ruin\u0103 a unei fort\u0103re\u021be din vremuri de mult uitate. De acolo va trebui \u00eenceput\u0103 c\u0103utarea.<\/p>\n<p>Cele patru mari popoare ale Apusului sunt curajoase, \u0219i nu vor ceda \u00een fa\u021ba R\u0103ului \u2013 fiecare \u00ee\u0219i preg\u0103te\u0219te propria expedi\u021bie spre Cetatea cu Col\u021b, poate ultima aventur\u0103 a acestui Ev, pentru a aduce lini\u0219tea \u0219i Soarele \u00eenapoi, pentru a alunga R\u0103ul pentru totdeauna!<\/p><\/blockquote>\n<p>Pe l\u00e2ng\u0103 descrierea conflictului ini\u021bial, am inclus \u00een poveste \u0219i locul (Cetatea cu Col\u021b \/ Cetatea Col\u021be\u0219ti), dar \u0219i elemente din geografia mai general\u0103 a zonei (spre exemplu, la mai pu\u021bin de o zi de mers este Poarta Zmeilor, o cunoscut\u0103 forma\u021biune calcaroas\u0103).<\/p>\n<p>De acolo am lucrat apoi toata povestea &#8211; fiecare element de program, fiecare persoan\u0103 cum se integreaz\u0103 \u00een poveste. Dar mai bine dec\u00e2t s\u0103 v\u0103 spun de-a gata partea asta, mai bine v\u0103 povestesc despre cum s-a desf\u0103\u0219urat toat\u0103 treaba \u00een camp, cu accent pe momentele \u00een care cadrul simbolic a fost la \u00een\u0103l\u021bime.<\/p>\n<p>\u00cempreun\u0103 cu povestea, am lansat pe email \u0219i pe Facebook \u0219i logo-ul campului, f\u0103r\u0103 s\u0103 explic\u0103m ini\u021bial deloc ce \u00eenseamn\u0103. La scurt timp, cerceta\u0219i mai pasiona\u021bi au \u00eenceput s\u0103 g\u0103seasc\u0103 semnifica\u021biile simbolurilor (f\u0103r\u0103 ajutor de la noi, \u00een camp, au fost cerceta\u0219i care au descifrat \u0219i textul din jurul cercului :P).<\/p>\n<figure id=\"attachment_2828\" aria-describedby=\"caption-attachment-2828\" style=\"width: 300px\" class=\"wp-caption alignleft\"><a href=\"http:\/\/yeti.albascout.ro\/blog\/wp-content\/uploads\/2013\/09\/logo_camp_2013.png\"><img loading=\"lazy\" decoding=\"async\" class=\"size-full wp-image-2828 \" alt=\"Logo T\u0103r\u00e2mul Zmeilor\" src=\"http:\/\/yeti.albascout.ro\/blog\/wp-content\/uploads\/2013\/09\/logo_camp_2013.png\" width=\"300\" height=\"297\" srcset=\"https:\/\/yeti.albascout.ro\/blog\/wp-content\/uploads\/2013\/09\/logo_camp_2013.png 300w, https:\/\/yeti.albascout.ro\/blog\/wp-content\/uploads\/2013\/09\/logo_camp_2013-150x150.png 150w\" sizes=\"auto, (max-width: 300px) 100vw, 300px\" \/><\/a><figcaption id=\"caption-attachment-2828\" class=\"wp-caption-text\">Logo T\u0103r\u00e2mul Zmeilor<\/figcaption><\/figure>\n<p>De\u0219i ar trebui s\u0103 fie evident :), fiecare liter\u0103 reprezint\u0103 o ramur\u0103 de v\u00e2rst\u0103. Simbolurile sunt literele importante ale numelui poporului respectiv (L)upi\u0219ori, (T)emerari, e(X)ploratori, (S)eniori \u0219i (V)i\u0219inii (pentru c\u0103 L era luat :). \u00cen mijloc este Cetatea cu Col\u021b, v\u0103zut\u0103 de sus, \u0219i fiecare popor merge pe drumul lui c\u0103tre ea.<\/p>\n<p>Am plecat \u00een camp f\u0103r\u0103 s\u0103 d\u0103m alte detalii copiilor, iar liderii de lupi\u0219ori au lucrat la o variant\u0103 simplificat\u0103 a pove\u0219tii de \u00eenceput, ca s\u0103 o poat\u0103 rumega \u0219i cei mici (v-am mai spus de diferen\u021bele de genera\u021bii &#8211; g\u00e2ndi\u021bi-v\u0103 c\u0103 lupi\u0219orii de clasa 0 nu \u0219tiu s\u0103 citeasc\u0103!).<\/p>\n<figure id=\"attachment_2841\" aria-describedby=\"caption-attachment-2841\" style=\"width: 300px\" class=\"wp-caption alignright\"><a href=\"http:\/\/yeti.albascout.ro\/blog\/wp-content\/uploads\/2013\/09\/cover_fb_ccl.png\"><img loading=\"lazy\" decoding=\"async\" class=\"size-medium wp-image-2841 \" alt=\"Facebook Cover eveniment CCL2013\" src=\"http:\/\/yeti.albascout.ro\/blog\/wp-content\/uploads\/2013\/09\/cover_fb_ccl-300x110.png\" width=\"300\" height=\"110\" srcset=\"https:\/\/yeti.albascout.ro\/blog\/wp-content\/uploads\/2013\/09\/cover_fb_ccl-300x110.png 300w, https:\/\/yeti.albascout.ro\/blog\/wp-content\/uploads\/2013\/09\/cover_fb_ccl.png 714w\" sizes=\"auto, (max-width: 300px) 100vw, 300px\" \/><\/a><figcaption id=\"caption-attachment-2841\" class=\"wp-caption-text\">Facebook Cover eveniment CCL2013<\/figcaption><\/figure>\n<p><strong>C\u00e2nd am ajuns \u00een camp<\/strong>, cerceta\u0219ii au aflat c\u0103 intrarea \u00een \u021ainutul Zmeilor este p\u0103zit\u0103 \u0219i \u00eentre\u021binut\u0103 de Vi\u0219inii, un popor de oameni cu via\u021b\u0103 \u00eendelungat\u0103, pa\u0219nici \u0219i \u00een\u021belep\u021bi, care \u00eei las\u0103 doar pe cei vrednici s\u0103 p\u0103\u0219easc\u0103 pe p\u0103m\u00e2ntul Zmeilor.<\/p>\n<p>Au mai aflat c\u0103, noi, Vi\u0219inii, tr\u0103ind aici de sute de ani, ne amintim c\u0103 fiecare dintre popoarele lor, separat, a trimis c\u00e2te un reprezentat care a venit la Zmei s\u0103 g\u0103seasc\u0103 o arm\u0103 \u00eempotriva R\u0103ului, \u0219i c\u0103 \u00eei vom ajuta s\u0103 caute \u0219i ei la r\u00e2ndul lor puterea s\u0103 se bat\u0103 cu r\u0103ul.<\/p>\n<p>Popoarele \u0219i-au v\u0103zut apoi de treab\u0103, construind campul. Dup\u0103 ce s-au achitat de \u00een\u021belegerea cu Vi\u0219inii, care au promis c\u0103-i ajut\u0103 doar dac\u0103 \u00ee\u0219i preg\u0103tesc o tab\u0103r\u0103 de baz\u0103 serioas\u0103, popoarele (temerarii \u0219i exploratorii, seniorii au fost subreprezenta\u021bi \u0219i s-au distribuit) au plecat \u00een hike, pe T\u0103r\u00e2mul Zmeilor, pentru dou\u0103 zile.<\/p>\n<p>La \u00eentoarcere, au primit, din arhivele secrete ale Vi\u0219iniilor, un document scris de reprezentatul fiec\u0103rui popor acum 100 de ani, \u00eenainte s\u0103 plece \u00een c\u0103utarea lui, c\u00e2nd a poposit la noi. Pentru c\u0103 acum 100 de ani popoarele foloseau fiecare alt\u0103 limb\u0103, din acelea\u0219i arhive cerceta\u0219ii au primit \u0219i traducerea alfabetului \u00een litere moderne.<\/p>\n<figure id=\"attachment_2844\" aria-describedby=\"caption-attachment-2844\" style=\"width: 212px\" class=\"wp-caption alignnone\"><a href=\"http:\/\/yeti.albascout.ro\/blog\/wp-content\/uploads\/2013\/09\/alfabet_lupisori.png\"><img loading=\"lazy\" decoding=\"async\" class=\"size-medium wp-image-2844\" alt=\"Alfabetul Lupi\u0219orilor\" src=\"http:\/\/yeti.albascout.ro\/blog\/wp-content\/uploads\/2013\/09\/alfabet_lupisori-212x300.png\" width=\"212\" height=\"300\" srcset=\"https:\/\/yeti.albascout.ro\/blog\/wp-content\/uploads\/2013\/09\/alfabet_lupisori-212x300.png 212w, https:\/\/yeti.albascout.ro\/blog\/wp-content\/uploads\/2013\/09\/alfabet_lupisori-724x1024.png 724w, https:\/\/yeti.albascout.ro\/blog\/wp-content\/uploads\/2013\/09\/alfabet_lupisori.png 744w\" sizes=\"auto, (max-width: 212px) 100vw, 212px\" \/><\/a><figcaption id=\"caption-attachment-2844\" class=\"wp-caption-text\">Alfabetul Lupi\u0219orilor<\/figcaption><\/figure>\n<figure id=\"attachment_2843\" aria-describedby=\"caption-attachment-2843\" style=\"width: 212px\" class=\"wp-caption alignnone\"><a href=\"http:\/\/yeti.albascout.ro\/blog\/wp-content\/uploads\/2013\/09\/alfabet_exploratori.png\"><img loading=\"lazy\" decoding=\"async\" class=\"size-medium wp-image-2843\" alt=\"Alfabetul eXploratorilor\" src=\"http:\/\/yeti.albascout.ro\/blog\/wp-content\/uploads\/2013\/09\/alfabet_exploratori-212x300.png\" width=\"212\" height=\"300\" srcset=\"https:\/\/yeti.albascout.ro\/blog\/wp-content\/uploads\/2013\/09\/alfabet_exploratori-212x300.png 212w, https:\/\/yeti.albascout.ro\/blog\/wp-content\/uploads\/2013\/09\/alfabet_exploratori-724x1024.png 724w, https:\/\/yeti.albascout.ro\/blog\/wp-content\/uploads\/2013\/09\/alfabet_exploratori.png 744w\" sizes=\"auto, (max-width: 212px) 100vw, 212px\" \/><\/a><figcaption id=\"caption-attachment-2843\" class=\"wp-caption-text\">Alfabetul eXploratorilor<\/figcaption><\/figure>\n<figure id=\"attachment_2846\" aria-describedby=\"caption-attachment-2846\" style=\"width: 212px\" class=\"wp-caption alignnone\"><a href=\"http:\/\/yeti.albascout.ro\/blog\/wp-content\/uploads\/2013\/09\/alfabet_temerari.png\"><img loading=\"lazy\" decoding=\"async\" class=\"size-medium wp-image-2846\" alt=\"Alfabetul temerarilor\" src=\"http:\/\/yeti.albascout.ro\/blog\/wp-content\/uploads\/2013\/09\/alfabet_temerari-212x300.png\" width=\"212\" height=\"300\" srcset=\"https:\/\/yeti.albascout.ro\/blog\/wp-content\/uploads\/2013\/09\/alfabet_temerari-212x300.png 212w, https:\/\/yeti.albascout.ro\/blog\/wp-content\/uploads\/2013\/09\/alfabet_temerari-724x1024.png 724w, https:\/\/yeti.albascout.ro\/blog\/wp-content\/uploads\/2013\/09\/alfabet_temerari.png 744w\" sizes=\"auto, (max-width: 212px) 100vw, 212px\" \/><\/a><figcaption id=\"caption-attachment-2846\" class=\"wp-caption-text\">Alfabetul temerarilor<\/figcaption><\/figure>\n<figure id=\"attachment_2853\" aria-describedby=\"caption-attachment-2853\" style=\"width: 212px\" class=\"wp-caption alignnone\"><a href=\"http:\/\/yeti.albascout.ro\/blog\/wp-content\/uploads\/2013\/09\/alfabet_seniori1.png\"><img loading=\"lazy\" decoding=\"async\" class=\"size-medium wp-image-2853\" alt=\"Alfabet seniori\" src=\"http:\/\/yeti.albascout.ro\/blog\/wp-content\/uploads\/2013\/09\/alfabet_seniori1-212x300.png\" width=\"212\" height=\"300\" srcset=\"https:\/\/yeti.albascout.ro\/blog\/wp-content\/uploads\/2013\/09\/alfabet_seniori1-212x300.png 212w, https:\/\/yeti.albascout.ro\/blog\/wp-content\/uploads\/2013\/09\/alfabet_seniori1-724x1024.png 724w, https:\/\/yeti.albascout.ro\/blog\/wp-content\/uploads\/2013\/09\/alfabet_seniori1.png 744w\" sizes=\"auto, (max-width: 212px) 100vw, 212px\" \/><\/a><figcaption id=\"caption-attachment-2853\" class=\"wp-caption-text\">Alfabet seniori<\/figcaption><\/figure>\n<p>Dup\u0103 ce le-au descifrat (lucru care a durat considerabil mai pu\u021bin dec\u00e2t ne-a luat s\u0103 le scriem! &#8211; le-am scris de m\u00e2n\u0103, pentru c\u0103 nu le-am inventat dec\u00e2t \u00een camp), cerceta\u0219ii au descoperit c\u0103 fiecare document sugera c\u0103 personajele (pentru eXplo spre exemplu era o scrisoare a lui \u00a0Bobby, Lord de Albastru, c\u0103tre Consiliul Cet\u0103\u021bii, iar la temerari o pagin\u0103 de jurnal scris \u00een prescurt\u0103ri) au descoperit c\u0103 Vi\u0219inii sunt mult mai dispu\u0219i s\u0103 ajute dac\u0103 li se spun pove\u0219ti sau legende ale popoarelor Apusului. Astfel c\u0103 fiecare popor a trebuit s\u0103 se g\u00e2ndeasc\u0103 la o legend\u0103 a lor, pe care s\u0103 o foloseasc\u0103 pentru a-i convinge pe Vi\u0219inii s\u0103 \u00eei ajute \u00een c\u0103utarea lor.<\/p>\n<figure id=\"attachment_2847\" aria-describedby=\"caption-attachment-2847\" style=\"width: 300px\" class=\"wp-caption alignleft\"><a href=\"http:\/\/yeti.albascout.ro\/blog\/wp-content\/uploads\/2013\/09\/camp-coltesti-1286.jpg\"><img loading=\"lazy\" decoding=\"async\" class=\"size-medium wp-image-2847 \" alt=\"Ca s\u0103 punem locurile \u00een context, loca\u021bia ar\u0103ta cam a\u0219a :)\" src=\"http:\/\/yeti.albascout.ro\/blog\/wp-content\/uploads\/2013\/09\/camp-coltesti-1286-300x225.jpg\" width=\"300\" height=\"225\" srcset=\"https:\/\/yeti.albascout.ro\/blog\/wp-content\/uploads\/2013\/09\/camp-coltesti-1286-300x225.jpg 300w, https:\/\/yeti.albascout.ro\/blog\/wp-content\/uploads\/2013\/09\/camp-coltesti-1286-1024x768.jpg 1024w\" sizes=\"auto, (max-width: 300px) 100vw, 300px\" \/><\/a><figcaption id=\"caption-attachment-2847\" class=\"wp-caption-text\">Ca s\u0103 punem locurile un pic \u00een context, loca\u021bia ar\u0103ta cam a\u0219a :)<\/figcaption><\/figure>\n<p>De la sosirea \u00een hike, to\u021bi Col\u021bii Trasc\u0103ului, care ocupa jum\u0103tate din orizontul nostru, luaser\u0103 foc (incendii de vegeta\u021bie), \u0219i noapte se vedeau clar forme ciudate f\u0103cute de fl\u0103c\u0103ri pe st\u00e2nci, iar ziua fumul dens se ridica \u00een mod continuu de pe st\u00e2nc\u0103. Nasol pentru locuitori, \u0219i nasol pentru vegeta\u021bie, dar ideal pentru povestea noastr\u0103! R\u0103ul se apropie, \u0219i cea\u021ba lui vine dinspre st\u00e2nc\u0103 :).<\/p>\n<p>Dup\u0103 ce am ascultat legendele (eu le-am prins doar pe ale eXploratorilor, care le-am ascultat sus \u00een Cetate, a doua zi dup\u0103 treaba cu documentele de descifrat), fiecare popor a avut de descoperit p\u0103r\u021bi componente ale armei \u00eempotriva r\u0103ului. eXploratorii le-au g\u0103sit pe Cetate, lupi\u0219orii \u00een hike, temerarii le-au primit recompens\u0103 c\u0103 \u0219i-au \u00eendeplinit ni\u0219te mici proiecte &#8211; toate componentele, vopsite desigur \u00een culorile popoarelor, puse laolalt\u0103 formau (evident) o floare de crin! :)<\/p>\n<figure id=\"attachment_2851\" aria-describedby=\"caption-attachment-2851\" style=\"width: 300px\" class=\"wp-caption alignleft\"><a href=\"http:\/\/yeti.albascout.ro\/blog\/wp-content\/uploads\/2013\/09\/camp-coltesti-1271.jpg\"><img loading=\"lazy\" decoding=\"async\" class=\"size-medium wp-image-2851 \" alt=\"La \u00eent\u00e2lnirea la catarg unde Vi\u0219inii povestesc despre arma secret\u0103\" src=\"http:\/\/yeti.albascout.ro\/blog\/wp-content\/uploads\/2013\/09\/camp-coltesti-1271-300x225.jpg\" width=\"300\" height=\"225\" srcset=\"https:\/\/yeti.albascout.ro\/blog\/wp-content\/uploads\/2013\/09\/camp-coltesti-1271-300x225.jpg 300w, https:\/\/yeti.albascout.ro\/blog\/wp-content\/uploads\/2013\/09\/camp-coltesti-1271-1024x768.jpg 1024w, https:\/\/yeti.albascout.ro\/blog\/wp-content\/uploads\/2013\/09\/camp-coltesti-1271.jpg 1200w\" sizes=\"auto, (max-width: 300px) 100vw, 300px\" \/><\/a><figcaption id=\"caption-attachment-2851\" class=\"wp-caption-text\">La \u00eent\u00e2lnirea la catarg unde Vi\u0219inii povestesc despre arma secret\u0103<\/figcaption><\/figure>\n<p><em><strong>Making of:<\/strong>\u00a0Treaba cu puzzle-ul cu floarea de crin a necesitat ceva preg\u0103tiri: am printat pe un A0 (cel mai mare format pe care po\u021bi g\u0103si \u00een mod comun \u00eentr-un ora\u0219 cum e Alba) contururile pentru sigla ONCR (pun fi\u0219ierul la sf\u00e2r\u0219itul post-ului pentru cine are nevoie, e direct pe format), apoi Nicu a decupat-o, a lipit-o pe o plac\u0103 de OSB, \u0219i a t\u0103iat conturul. \u00cenainte s\u0103 o facem buc\u0103\u021bele pentru puzzle, am luat cealalt\u0103 jum\u0103tate de OSB \u0219i am folosit spray cu vopsea s\u0103 marc\u0103m &#8222;locul \u00een care a stat&#8221; arma \u00eempotriva R\u0103ului. Piesele le-am vopsit, desigur, \u00een culorile popoarelor.<\/em><\/p>\n<figure id=\"attachment_2849\" aria-describedby=\"caption-attachment-2849\" style=\"width: 300px\" class=\"wp-caption alignright\"><a href=\"http:\/\/yeti.albascout.ro\/blog\/wp-content\/uploads\/2013\/09\/DSC_6691.jpg\"><img loading=\"lazy\" decoding=\"async\" class=\"size-medium wp-image-2849 \" alt=\"eXploratorii caut\u0103 potriviri pentru buc\u0103\u021bile pe care le-au g\u0103sit\" src=\"http:\/\/yeti.albascout.ro\/blog\/wp-content\/uploads\/2013\/09\/DSC_6691-300x199.jpg\" width=\"300\" height=\"199\" srcset=\"https:\/\/yeti.albascout.ro\/blog\/wp-content\/uploads\/2013\/09\/DSC_6691-300x199.jpg 300w, https:\/\/yeti.albascout.ro\/blog\/wp-content\/uploads\/2013\/09\/DSC_6691-1024x680.jpg 1024w, https:\/\/yeti.albascout.ro\/blog\/wp-content\/uploads\/2013\/09\/DSC_6691.jpg 1200w\" sizes=\"auto, (max-width: 300px) 100vw, 300px\" \/><\/a><figcaption id=\"caption-attachment-2849\" class=\"wp-caption-text\">eXploratorii caut\u0103 potriviri pentru buc\u0103\u021bile pe care le-au g\u0103sit<\/figcaption><\/figure>\n<p>\u00cen penultima sear\u0103, ultima pentru lupi\u0219ori, cei mai viteji dintre ei \u0219i-au depus promisiunea &#8211; dar mai mult dec\u00e2t at\u00e2t, pentru c\u0103 arma a fost g\u0103sit\u0103 \u0219i R\u0103ul a \u00eenceput s\u0103 fie alungat, poporul Galben a solicitat ca trimi\u0219ii lor s\u0103 se \u00eentoarc\u0103 acas\u0103 mai repede! Totu\u0219i, cei mai mari dintre ei au hot\u0103r\u00e2t s\u0103 r\u0103m\u00e2n\u0103 s\u0103 \u00ee\u0219i reprezinte prietenii \u00een poporul Verde, trec\u00e2nd la temerari (nu mic\u0103 le-a fost surpriza c\u00e2nd au aflat c\u0103 din cauz\u0103 c\u0103 poporul Verde nu pleac\u0103 odat\u0103 cu cel Galben, mai trebuie s\u0103 mai stea o noapte, lucru care fusese \u00een secret negociat cu p\u0103rin\u021bii, dar nu \u0219i cu ei :P).<\/p>\n<p>Apoi, la miezul nop\u021bii, c\u00e2nd doar cei mai b\u0103tr\u00e2ni r\u0103m\u0103seser\u0103 la foc, a c\u0103zut ca un fulger vestea c\u0103 steagul nostru a fost furat (c\u0103 tot vorbeam de improviza\u021bie \u00een episodul anterior, decizia cu steagul s-a luat a\u0219a de t\u00e2rziu \u00eenc\u00e2t mare parte din lideri au crezut la \u00eenceput c\u0103 steagul a fost furat pe bune :)) \u0219i ascuns de reprezentan\u021bii R\u0103ului pe Cetate (unde desigur fusese plantat pe ascuns, \u00eempreun\u0103 cu o frontal\u0103 puternic\u0103, c\u00e2teva minute \u00eenainte). \u00cen consecin\u021b\u0103, vi\u0219iniii au f\u0103cut apel la cei mai mari 7 reprezentan\u021bi ai poporului eXploratorilor, care au fost \u00eens\u0103rcina\u021bi s\u0103 recupereze steagul \u00een cel mai scurt timp \u00eenpoi \u00een camp &#8211; \u0219i care, odat\u0103 ce s-au achitat de datoria asta, \u0219i-au \u0219i depus promisiunea de seniori pe acela\u0219i steag, la focul de sear\u0103 :)<\/p>\n<p>A doua zi, c\u0103 tot cuceriser\u0103 proaspe\u021bii seniori Cetatea cu Col\u021b pentru noi, ne-am dus cu to\u021bii pe Cetate, pe \u00eentuneric, \u0219i, la lumina tor\u021belor, i-am primit pe cei mai noi dintre noi \u00een marea familie a Cerceta\u0219ilor. Ca s\u0103 contrabalans\u0103m momentul solemn, am \u00eenchis campul original, cobor\u00e2nd steagurile jos cu tot cu catarg, cu drujba :D (asta nu era \u00een cadrul simbolic, dar merita men\u021bionat).<\/p>\n<h2>Ce n-am reusit sa facem<\/h2>\n<p>Nu am reu\u0219ist s\u0103 ne implement\u0103m toate ideile &#8211; e bine s\u0103 ave\u021bi oricum \u00eentotdeauna mai multe idei, nu \u0219tii niciodat\u0103 c\u00e2nd ai nevoie s\u0103 umpli un spa\u021biu cu ceva :).<\/p>\n<p>Spre exemplu ne propusesem s\u0103 preg\u0103tim un fel de score-board, pe unit\u0103\u021bi, unde cerceta\u0219ii s\u0103 primeasc\u0103 la \u00eenceputul zilei puncte (sau s\u0103 r\u0103m\u00e2n\u0103 f\u0103r\u0103 ele), \u00een func\u021bie de ac\u021biunile lor (spre exemplu cur\u0103\u021benia \u00een cort, rezolvarea serviciilor, trezirea de diminea\u021b\u0103, sau cur\u0103\u021benie general\u0103 \u00een camp). Am avut \u0219i c\u00e2teva solu\u021bii pentru implementare, dar \u00eentr-un final, din lips\u0103 de timp, ideea a fost pus\u0103 \u00eenapoi \u00een cutie.<\/p>\n<p>Alt lucru care fusese parte din poveste de la \u00eenceput era ca unit\u0103\u021bile s\u0103 descopere treptat informa\u021bii despre trimi\u0219ii neamului lor de acum 100 de ani, \u0219i cum ei s-au cunoscut \u0219i \u0219i-au dat seama c\u0103 doar lucr\u00e2nd \u00eempreun\u0103 pot alunga R\u0103ul &#8211; background-urile caracterelor nu am reu\u0219it niciodat\u0103 s\u0103 le facem, \u0219i singurul set de scrisori pe care le-am f\u0103cut \u00een alfabetele ramurilor de v\u00e2rst\u0103 ne-au luat o ve\u0219nicie s\u0103 le facem de m\u00e2n\u0103! :)<\/p>\n<a  data-e-Disable-Page-Transition=\"true\" class=\"download-link\" title=\"\" href=\"http:\/\/yeti.albascout.ro\/blog\/download\/9032\/?tmstv=1777303828\" rel=\"nofollow\" id=\"download-link-9032\" data-redirect=\"false\" >\n\tContururi sigl\u0103 ONCR A0\t(1331 downloads\t)\n<\/a>\n\n","protected":false},"excerpt":{"rendered":"<p>De obicei nu reu\u0219esc s\u0103 scriu un post despe campul de var\u0103. Sunt a\u0219a multe lucruri de povestit, at\u00e2tea detalii interesante c\u0103 de obicei nu \u0219tiu de unde s\u0103 \u00eencep \u0219i unde s\u0103 termin a\u0219a c\u0103 ajung s\u0103 nu mai public ce scriu. De data asta \u00eens\u0103 m-am g\u00e2ndit s\u0103 profit \u0219i de ideea post-ului &hellip; <a href=\"https:\/\/yeti.albascout.ro\/blog\/despre-cadrul-simbolic-in-campuri-de-centru-local-episodul-2-taramul-zmeilor\/\" class=\"more-link\">Continu\u0103 s\u0103 cite\u0219ti <span class=\"screen-reader-text\">Cadrul simbolic in campuri de Centru Local, episodul 2<\/span><\/a><\/p>\n","protected":false},"author":1,"featured_media":2858,"comment_status":"open","ping_status":"open","sticky":false,"template":"","format":"standard","meta":{"jetpack_post_was_ever_published":false,"_jetpack_newsletter_access":"","_jetpack_dont_email_post_to_subs":false,"_jetpack_newsletter_tier_id":0,"_jetpack_memberships_contains_paywalled_content":false,"_jetpack_memberships_contains_paid_content":false,"footnotes":""},"categories":[556,559,563],"tags":[567,750,791,589,793],"class_list":["post-2831","post","type-post","status-publish","format-standard","has-post-thumbnail","hentry","category-cercetasi","category-ideas","category-parerea-mea","tag-alba-iulia","tag-camp","tag-ccl2013","tag-cercetai","tag-resurse"],"jetpack_featured_media_url":"https:\/\/yeti.albascout.ro\/blog\/wp-content\/uploads\/2013\/09\/intro_tema_camp.png","jetpack_sharing_enabled":true,"_links":{"self":[{"href":"https:\/\/yeti.albascout.ro\/blog\/wp-json\/wp\/v2\/posts\/2831","targetHints":{"allow":["GET"]}}],"collection":[{"href":"https:\/\/yeti.albascout.ro\/blog\/wp-json\/wp\/v2\/posts"}],"about":[{"href":"https:\/\/yeti.albascout.ro\/blog\/wp-json\/wp\/v2\/types\/post"}],"author":[{"embeddable":true,"href":"https:\/\/yeti.albascout.ro\/blog\/wp-json\/wp\/v2\/users\/1"}],"replies":[{"embeddable":true,"href":"https:\/\/yeti.albascout.ro\/blog\/wp-json\/wp\/v2\/comments?post=2831"}],"version-history":[{"count":12,"href":"https:\/\/yeti.albascout.ro\/blog\/wp-json\/wp\/v2\/posts\/2831\/revisions"}],"predecessor-version":[{"id":2864,"href":"https:\/\/yeti.albascout.ro\/blog\/wp-json\/wp\/v2\/posts\/2831\/revisions\/2864"}],"wp:featuredmedia":[{"embeddable":true,"href":"https:\/\/yeti.albascout.ro\/blog\/wp-json\/wp\/v2\/media\/2858"}],"wp:attachment":[{"href":"https:\/\/yeti.albascout.ro\/blog\/wp-json\/wp\/v2\/media?parent=2831"}],"wp:term":[{"taxonomy":"category","embeddable":true,"href":"https:\/\/yeti.albascout.ro\/blog\/wp-json\/wp\/v2\/categories?post=2831"},{"taxonomy":"post_tag","embeddable":true,"href":"https:\/\/yeti.albascout.ro\/blog\/wp-json\/wp\/v2\/tags?post=2831"}],"curies":[{"name":"wp","href":"https:\/\/api.w.org\/{rel}","templated":true}]}}