{"id":2805,"date":"2013-09-17T10:40:39","date_gmt":"2013-09-17T08:40:39","guid":{"rendered":"http:\/\/yeti.albascout.ro\/blog\/?p=2805"},"modified":"2013-09-17T10:42:21","modified_gmt":"2013-09-17T08:42:21","slug":"cib-revisited-dupa-7-ani","status":"publish","type":"post","link":"https:\/\/yeti.albascout.ro\/blog\/cib-revisited-dupa-7-ani\/","title":{"rendered":"Cib revisited &#8211; dup\u0103 7 ani"},"content":{"rendered":"<p>Acum 7 ani, \u00een 2006, primeam vizita grupului de cerceta\u0219i din Laufen, Bavaria. Campul, de cam 100 de persoane, a fost pe o p\u0103\u0219une l\u00e2ng\u0103 satul Cib, \u00een Apuseni, \u00eentre Zlatna \u0219i Geoagiu \u0219i a fost o adev\u0103rat\u0103 provocare pentru mine \u0219i echipa de atunci (nu c\u0103 a fost vreun camp de-atunci \u00eencoace care s\u0103 nu fie o provocare &#8230;). Eu tocmai terminasem anul II, \u0219i o mare mare parte din echipa noastr\u0103 de atunci erau mai mici ca mine!<\/p>\n<p>Poate de aia, c\u00e2nd \u00een discu\u021biile cu eXplo pentru ultima ie\u0219ire \u00eenainte de campul de var\u0103 a ap\u0103rut varianta Cib, nu am fost neap\u0103rat entuziasmat &#8211; dar cum traseul l-am votat \u00eempreun\u0103 \u0219i exista o majoritate cov\u00e2r\u0219itoare care deja se vedea la Geoagiu B\u0103i, ne-am dus :) N-am fost chiar mul\u021bi &#8211; Mircea, Geri, Alin, Radu \u0219i Luiza de la eXplo \u0219i \u0218tefana, Alexa, Bogd\u0103nel \u0219i subsemnatul s\u0103-i p\u0103zim, dar dac\u0103 am zis c\u0103 merem, ne-am dus :)<!--more--><\/p>\n<figure id=\"attachment_2810\" aria-describedby=\"caption-attachment-2810\" style=\"width: 300px\" class=\"wp-caption alignnone\"><a href=\"http:\/\/yeti.albascout.ro\/blog\/wp-content\/uploads\/2013\/09\/DSC06375.jpg\"><img loading=\"lazy\" decoding=\"async\" class=\"size-medium wp-image-2810\" alt=\"No hai s\u0103 scoatem busola :)\" src=\"http:\/\/yeti.albascout.ro\/blog\/wp-content\/uploads\/2013\/09\/DSC06375-300x225.jpg\" width=\"300\" height=\"225\" srcset=\"https:\/\/yeti.albascout.ro\/blog\/wp-content\/uploads\/2013\/09\/DSC06375-300x225.jpg 300w, https:\/\/yeti.albascout.ro\/blog\/wp-content\/uploads\/2013\/09\/DSC06375-1024x768.jpg 1024w, https:\/\/yeti.albascout.ro\/blog\/wp-content\/uploads\/2013\/09\/DSC06375.jpg 1200w\" sizes=\"auto, (max-width: 300px) 100vw, 300px\" \/><\/a><figcaption id=\"caption-attachment-2810\" class=\"wp-caption-text\">No hai s\u0103 scoatem busola :)<\/figcaption><\/figure>\n<p>Grijile mele au fost cu totul degeaba &#8211; traseul a fost foarte fain \u0219i exact ce trebuia (poate mai pu\u021bin cei 20+ de km de asfalt :P). Am plecat devreme din Zlatna, \u0219i am intrat direct pe traseu &#8211; cel pu\u021bin o vreme este marcaj turistic. Dup\u0103 un urcu\u0219 destul de abrupt, am ie\u0219it \u00eentr-un plai fain, \u0219i apoi, dup\u0103 ce ne-am reamintit cum se folose\u0219te harta \u0219i busola, peste \u00eenc\u0103 un deal, pe l\u00e2ng\u0103 o carier\u0103 de piatr\u0103 \u0219i gre\u0219ind un pic drumul (mul\u021bumim Geri :P) am ajuns la Cib.<\/p>\n<figure id=\"attachment_2811\" aria-describedby=\"caption-attachment-2811\" style=\"width: 300px\" class=\"wp-caption alignnone\"><a href=\"http:\/\/yeti.albascout.ro\/blog\/wp-content\/uploads\/2013\/09\/DSC06380.jpg\"><img loading=\"lazy\" decoding=\"async\" class=\"size-medium wp-image-2811\" alt=\"Wrong way\" src=\"http:\/\/yeti.albascout.ro\/blog\/wp-content\/uploads\/2013\/09\/DSC06380-300x225.jpg\" width=\"300\" height=\"225\" srcset=\"https:\/\/yeti.albascout.ro\/blog\/wp-content\/uploads\/2013\/09\/DSC06380-300x225.jpg 300w, https:\/\/yeti.albascout.ro\/blog\/wp-content\/uploads\/2013\/09\/DSC06380-1024x768.jpg 1024w, https:\/\/yeti.albascout.ro\/blog\/wp-content\/uploads\/2013\/09\/DSC06380.jpg 1200w\" sizes=\"auto, (max-width: 300px) 100vw, 300px\" \/><\/a><figcaption id=\"caption-attachment-2811\" class=\"wp-caption-text\">Wrong way<\/figcaption><\/figure>\n<figure id=\"attachment_2813\" aria-describedby=\"caption-attachment-2813\" style=\"width: 300px\" class=\"wp-caption alignnone\"><a href=\"http:\/\/yeti.albascout.ro\/blog\/wp-content\/uploads\/2013\/09\/DSC06383.jpg\"><img loading=\"lazy\" decoding=\"async\" class=\"size-medium wp-image-2813\" alt=\"Paznic la oi\" src=\"http:\/\/yeti.albascout.ro\/blog\/wp-content\/uploads\/2013\/09\/DSC06383-300x225.jpg\" width=\"300\" height=\"225\" srcset=\"https:\/\/yeti.albascout.ro\/blog\/wp-content\/uploads\/2013\/09\/DSC06383-300x225.jpg 300w, https:\/\/yeti.albascout.ro\/blog\/wp-content\/uploads\/2013\/09\/DSC06383-1024x768.jpg 1024w, https:\/\/yeti.albascout.ro\/blog\/wp-content\/uploads\/2013\/09\/DSC06383.jpg 1200w\" sizes=\"auto, (max-width: 300px) 100vw, 300px\" \/><\/a><figcaption id=\"caption-attachment-2813\" class=\"wp-caption-text\">Paznic la oi<\/figcaption><\/figure>\n<p>Ne-am oprit s\u0103 ron\u021b\u0103im ceva \u0219i s\u0103 ne ferim de c\u0103ldur\u0103 &#8211; aici a fost momentul c\u00e2nd Luiza, care avea un rucsac greu care o tr\u0103gea \u00een jos, a scos din rucsac <strong>borcanul cu legume fierte<\/strong>. <strong>Borcan<\/strong>. <strong>De sticl\u0103<\/strong>. Dup\u0103 ce am dep\u0103\u0219it momentul (\u0219i am consumat legumele) am f\u0103cut o mic\u0103 siest\u0103 (adic\u0103 toat\u0103 lumea \u0219i-a luat somn :P), \u0219i apoi am continuat drumul spre locul campului din 2006. U\u0219or cuprin\u0219i de nostalgie, am f\u0103cut cu Bogdan un moment de reamintire a pozi\u021bion\u0103rii lucrurilor din camp, de la unde era contorul de curent (da, da, am avut curent) la f\u00e2nt\u00e2na la care am lucrat c\u00e2teva zile s\u0103 o facem utilizabil\u0103 (\u0219i care cu greu a f\u0103cut fa\u021b\u0103 la solicit\u0103rile noastre de ap\u0103), p\u00e2n\u0103 la locul de foc, care era undeva pe o teras\u0103 dedesubt de toate cel\u0103lalte lucruri.<\/p>\n<figure id=\"attachment_2814\" aria-describedby=\"caption-attachment-2814\" style=\"width: 300px\" class=\"wp-caption alignnone\"><a href=\"http:\/\/yeti.albascout.ro\/blog\/wp-content\/uploads\/2013\/09\/DSC06393.jpg\"><img loading=\"lazy\" decoding=\"async\" class=\"size-medium wp-image-2814\" alt=\"Sus pe chei\" src=\"http:\/\/yeti.albascout.ro\/blog\/wp-content\/uploads\/2013\/09\/DSC06393-300x225.jpg\" width=\"300\" height=\"225\" srcset=\"https:\/\/yeti.albascout.ro\/blog\/wp-content\/uploads\/2013\/09\/DSC06393-300x225.jpg 300w, https:\/\/yeti.albascout.ro\/blog\/wp-content\/uploads\/2013\/09\/DSC06393-1024x768.jpg 1024w, https:\/\/yeti.albascout.ro\/blog\/wp-content\/uploads\/2013\/09\/DSC06393.jpg 1200w\" sizes=\"auto, (max-width: 300px) 100vw, 300px\" \/><\/a><figcaption id=\"caption-attachment-2814\" class=\"wp-caption-text\">Sus pe chei<\/figcaption><\/figure>\n<figure id=\"attachment_2816\" aria-describedby=\"caption-attachment-2816\" style=\"width: 300px\" class=\"wp-caption alignnone\"><a href=\"http:\/\/yeti.albascout.ro\/blog\/wp-content\/uploads\/2013\/09\/DSC06402.jpg\"><img loading=\"lazy\" decoding=\"async\" class=\"size-medium wp-image-2816\" alt=\"Crucea ro\u0219ie e bine marcat\u0103 pe chei, \u0219i exist\u0103 \u0219i o scar\u0103 de lemn pentru a face cobor\u00e2rea mai u\u0219oar\u0103\" src=\"http:\/\/yeti.albascout.ro\/blog\/wp-content\/uploads\/2013\/09\/DSC06402-300x225.jpg\" width=\"300\" height=\"225\" srcset=\"https:\/\/yeti.albascout.ro\/blog\/wp-content\/uploads\/2013\/09\/DSC06402-300x225.jpg 300w, https:\/\/yeti.albascout.ro\/blog\/wp-content\/uploads\/2013\/09\/DSC06402-1024x768.jpg 1024w, https:\/\/yeti.albascout.ro\/blog\/wp-content\/uploads\/2013\/09\/DSC06402.jpg 1200w\" sizes=\"auto, (max-width: 300px) 100vw, 300px\" \/><\/a><figcaption id=\"caption-attachment-2816\" class=\"wp-caption-text\">Crucea ro\u0219ie e bine marcat\u0103 pe chei, \u0219i exist\u0103 \u0219i o scar\u0103 de lemn pentru a face cobor\u00e2rea mai u\u0219oar\u0103<\/figcaption><\/figure>\n<p>Am trecut apoi prin Cheile Cibului, cea mai spectaculoas\u0103 parte din traseu, fiindc\u0103 trecerea se face cumva pe marginea unei st\u00e2nci,\u00a0\u0219i apoi pe o c\u0103r\u0103ruie \u00eengust\u0103 am ie\u0219it pe partea cealalt\u0103 &#8211; cred c\u0103 deja ne apropiam de Ardeu \u0219i de-acolo, pe l\u00e2ng\u0103 \u0219i prin garduri electrificate pentru animale, p\u00e2n\u0103 \u00een vale, \u00een sat.<\/p>\n<figure id=\"attachment_2817\" aria-describedby=\"caption-attachment-2817\" style=\"width: 300px\" class=\"wp-caption alignnone\"><a href=\"http:\/\/yeti.albascout.ro\/blog\/wp-content\/uploads\/2013\/09\/DSC06408.jpg\"><img loading=\"lazy\" decoding=\"async\" class=\"size-medium wp-image-2817\" alt=\"Plimb\u0103ric\u0103\" src=\"http:\/\/yeti.albascout.ro\/blog\/wp-content\/uploads\/2013\/09\/DSC06408-300x225.jpg\" width=\"300\" height=\"225\" srcset=\"https:\/\/yeti.albascout.ro\/blog\/wp-content\/uploads\/2013\/09\/DSC06408-300x225.jpg 300w, https:\/\/yeti.albascout.ro\/blog\/wp-content\/uploads\/2013\/09\/DSC06408-1024x768.jpg 1024w, https:\/\/yeti.albascout.ro\/blog\/wp-content\/uploads\/2013\/09\/DSC06408.jpg 1200w\" sizes=\"auto, (max-width: 300px) 100vw, 300px\" \/><\/a><figcaption id=\"caption-attachment-2817\" class=\"wp-caption-text\">Plimb\u0103ric\u0103<\/figcaption><\/figure>\n<figure id=\"attachment_2818\" aria-describedby=\"caption-attachment-2818\" style=\"width: 300px\" class=\"wp-caption alignnone\"><a href=\"http:\/\/yeti.albascout.ro\/blog\/wp-content\/uploads\/2013\/09\/DSC06415.jpg\"><img loading=\"lazy\" decoding=\"async\" class=\"size-medium wp-image-2818\" alt=\"Repaos la Ardeu\" src=\"http:\/\/yeti.albascout.ro\/blog\/wp-content\/uploads\/2013\/09\/DSC06415-300x225.jpg\" width=\"300\" height=\"225\" srcset=\"https:\/\/yeti.albascout.ro\/blog\/wp-content\/uploads\/2013\/09\/DSC06415-300x225.jpg 300w, https:\/\/yeti.albascout.ro\/blog\/wp-content\/uploads\/2013\/09\/DSC06415-1024x768.jpg 1024w, https:\/\/yeti.albascout.ro\/blog\/wp-content\/uploads\/2013\/09\/DSC06415.jpg 1200w\" sizes=\"auto, (max-width: 300px) 100vw, 300px\" \/><\/a><figcaption id=\"caption-attachment-2818\" class=\"wp-caption-text\">Repaos la Ardeu<\/figcaption><\/figure>\n<p>Conform deciziei grupului, am continuat spre urm\u0103torul obiectiv, Cheile Madei, \u0219i cum se apropia asfin\u021bitul am \u00eenceput s\u0103 ne uit\u0103m dup\u0103 un loc bun de campare. Lanul de porumb merge p\u00e2n\u0103 chiar \u00een gura cheilor, l\u00e2ng\u0103 drum nu era chiar potrivit, chiar la intrare \u00een chei era ni\u0219te vegeta\u021bie tare dubioas\u0103, a\u0219a c\u0103 am decis s\u0103 mergem mai departe, s\u0103 c\u0103ut\u0103m un loc mai bun prin chei. Cheile Madei sunt destul de \u00eenguste, \u0219i nu foarte umblate &#8211; vegeta\u021bie mare (brusturi, iarb\u0103, cop\u0103cei), soare pu\u021bin &#8211; umezeal\u0103, un loc nu tocmai primitor pentru dormit pe jos. Cum singurul loc pe care l-am g\u0103sit noi era chiar prost, \u00eenc\u0103 un vot al grupului ne-a trimis iar la drum. Cu incidente minime \u0219i cu bocancii dup\u0103 g\u00e2t am ie\u0219it din chei \u00een cap\u0103tul de sus al satului Mada. To\u021bi, inclusiv cei care au votat \u00eempotriv\u0103, am fost foarte bucuro\u0219i c\u0103 votul din chei a fost c\u00e2\u0219tigat de aventurierii care au dorit s\u0103 continu\u0103m, pentru c\u0103 am g\u0103sit un super-loc.<\/p>\n<figure id=\"attachment_2819\" aria-describedby=\"caption-attachment-2819\" style=\"width: 300px\" class=\"wp-caption alignnone\"><a href=\"http:\/\/yeti.albascout.ro\/blog\/wp-content\/uploads\/2013\/09\/DSC06425.jpg\"><img loading=\"lazy\" decoding=\"async\" class=\"size-medium wp-image-2819\" alt=\"La apus, la intersec\u021bia spre Cheile Madei\" src=\"http:\/\/yeti.albascout.ro\/blog\/wp-content\/uploads\/2013\/09\/DSC06425-300x225.jpg\" width=\"300\" height=\"225\" srcset=\"https:\/\/yeti.albascout.ro\/blog\/wp-content\/uploads\/2013\/09\/DSC06425-300x225.jpg 300w, https:\/\/yeti.albascout.ro\/blog\/wp-content\/uploads\/2013\/09\/DSC06425-1024x768.jpg 1024w, https:\/\/yeti.albascout.ro\/blog\/wp-content\/uploads\/2013\/09\/DSC06425.jpg 1200w\" sizes=\"auto, (max-width: 300px) 100vw, 300px\" \/><\/a><figcaption id=\"caption-attachment-2819\" class=\"wp-caption-text\">La apus, la intersec\u021bia spre Cheile Madei<\/figcaption><\/figure>\n<figure id=\"attachment_2820\" aria-describedby=\"caption-attachment-2820\" style=\"width: 300px\" class=\"wp-caption alignnone\"><a href=\"http:\/\/yeti.albascout.ro\/blog\/wp-content\/uploads\/2013\/09\/DSC06430.jpg\"><img loading=\"lazy\" decoding=\"async\" class=\"size-medium wp-image-2820\" alt=\"Prin chei, Bogdan \u0219i-a f\u0103cut upgrade la noroc :)\" src=\"http:\/\/yeti.albascout.ro\/blog\/wp-content\/uploads\/2013\/09\/DSC06430-300x225.jpg\" width=\"300\" height=\"225\" srcset=\"https:\/\/yeti.albascout.ro\/blog\/wp-content\/uploads\/2013\/09\/DSC06430-300x225.jpg 300w, https:\/\/yeti.albascout.ro\/blog\/wp-content\/uploads\/2013\/09\/DSC06430-1024x768.jpg 1024w, https:\/\/yeti.albascout.ro\/blog\/wp-content\/uploads\/2013\/09\/DSC06430.jpg 1200w\" sizes=\"auto, (max-width: 300px) 100vw, 300px\" \/><\/a><figcaption id=\"caption-attachment-2820\" class=\"wp-caption-text\">Prin chei, Bogdan \u0219i-a f\u0103cut upgrade la noroc :)<\/figcaption><\/figure>\n<p>Am campat \u00eentr-o livad\u0103 superb\u0103, cu vedere spre chei \u0219i spre st\u00e2nci, singurul lucru lips\u0103 fiind apa potabil\u0103 (noroc c\u0103 aveam suficient\u0103 cu noi), cu o vatr\u0103 gata f\u0103cut\u0103, \u0219i copaci la alegere pentru hamac &#8211; ce mai, perfect :) Geri venise preg\u0103tit pentru un osp\u0103\u021b serios, a\u0219a c\u0103 am stat s\u0103 m\u00e2nc\u0103m, apoi ne-am pus la somn &#8211; f\u0103r\u0103 griji c\u0103 s-ar putea s\u0103 ne plou\u0103, doar Bogdan fiind deranjat de luna aproape plin\u0103 care i-a b\u0103tut \u00een ochi toat\u0103 noaptea, ca un bec de iluminat public :).<\/p>\n<figure id=\"attachment_2822\" aria-describedby=\"caption-attachment-2822\" style=\"width: 300px\" class=\"wp-caption alignnone\"><a href=\"http:\/\/yeti.albascout.ro\/blog\/wp-content\/uploads\/2013\/09\/DSC06437.jpg\"><img loading=\"lazy\" decoding=\"async\" class=\"size-medium wp-image-2822\" alt=\"Aici \u00eenc\u0103 speram c\u0103 nu e musai s\u0103 ne desc\u0103l\u021b\u0103m :)\" src=\"http:\/\/yeti.albascout.ro\/blog\/wp-content\/uploads\/2013\/09\/DSC06437-300x225.jpg\" width=\"300\" height=\"225\" srcset=\"https:\/\/yeti.albascout.ro\/blog\/wp-content\/uploads\/2013\/09\/DSC06437-300x225.jpg 300w, https:\/\/yeti.albascout.ro\/blog\/wp-content\/uploads\/2013\/09\/DSC06437-1024x768.jpg 1024w, https:\/\/yeti.albascout.ro\/blog\/wp-content\/uploads\/2013\/09\/DSC06437.jpg 1200w\" sizes=\"auto, (max-width: 300px) 100vw, 300px\" \/><\/a><figcaption id=\"caption-attachment-2822\" class=\"wp-caption-text\">Aici \u00eenc\u0103 speram c\u0103 nu e musai s\u0103 ne desc\u0103l\u021b\u0103m :)<\/figcaption><\/figure>\n<p>Diminea\u021b\u0103, lipsa apei potabile ne-a \u00eencurajat s\u0103 ne mi\u0219c\u0103m repede, a\u0219a c\u0103 primul popas a fost la magazinul din sat, care s-a deschis din pur\u0103 \u0219ans\u0103 pentru cineva c\u00e2nd am trecut noi pe acolo (Mada e un sat mic mic) &#8211; \u0219i singura f\u00e2nt\u00e2n\u0103 de pe drum era plin\u0103 de n\u0103mol. Tot \u0219ansa a f\u0103cut ca \u0218tefana, Alexa, Luiza \u0219i Geri s\u0103 prind\u0103 o ocazie de la magazin p\u00e2n\u0103 la intersec\u021bia spre Geoagiu B\u0103i, \u0219i, 7 km mai la vale Mircea, Alin \u0219i Radu s\u0103 prind\u0103 un taxi (ce c\u0103uta taxiul \u00een pustietatea aia nu m\u0103 \u00eentreba\u021bi &#8211; l-am \u00eentrebat eu \u0219i nici el nu \u0219tia &#8230;) tot p\u00e2n\u0103 la intersec\u021bie.<\/p>\n<p>Am r\u0103mas cu Bogdan s\u0103 mergem cu autotalpa, lucru pe care l-am f\u0103cut p\u00e2n\u0103 chiar sus la Geoagiu B\u0103i (10 km+). Pe drum i-am g\u0103sit \u0219i pe b\u0103ie\u021bi, care se hot\u0103r\u00e2ser\u0103 s\u0103 taie o curb\u0103 care de fapt nu exista, a\u0219a c\u0103 se \u00eentorceau prin p\u0103dure :)<\/p>\n<p>Ne-am b\u0103l\u0103cit dup\u0103 pofta inimii la Geoagiu, unde era \u0219i foarte cald, \u0219i foarte plin. Ne-am testat un pic curajul s\u0103rind de la trambulina de 5m, am stat la soare (sau ne-am ascuns de el, pe c\u00e2t posibil, dup\u0103 preferin\u021be) p\u00e2n\u0103 dup\u0103 masa.<\/p>\n<p>Drumul \u00eenapoi a fost pu\u021bin horror &#8211; dup\u0103 ce am pierdut, din cauza unor informa\u021bii eronate, microbuzul c\u0103tre Geoagiu, am b\u0103gat hike cu \u00eencredere p\u00e2n\u0103 \u00een ora\u0219, \u0219i apoi nu am putut s\u0103 lu\u0103m nici microbuzul recomandat de oameni pentru c\u0103 era plin ochi. Apusul ne-a g\u0103sit pe to\u021bi cu autotalpa spre Or\u0103\u0219tie, \u00eencerc\u00e2nd s\u0103 prindem Foamea pe la 22.30. Dup\u0103 ce toat\u0103 ziua am f\u0103cut stopul \u0219i nu s-a oprit nimeni, doi tineri de-ai locului au fost foarte dr\u0103gu\u021bi \u0219i au oprit din proprie ini\u021biativ\u0103, ne-au luat toate bagajale \u0219i trei cerceta\u0219i, pe care i-au dus chiar p\u00e2n\u0103 la gar\u0103, de\u0219i nu le era lor \u00een drum.\u00a0Elibera\u021bi de bagaje, am ajuns \u00een timp util la gara din Or\u0103\u0219tie \u0219i am prins \u0219i trenul spre cas\u0103 :)<\/p>\n<p>Pe <a href=\"http:\/\/albascout.ro\/site\/?p=2245\">site-ul grupului nostru<\/a>, \u0218tefana a scris propia ei perspectiv\u0103 fa\u021b\u0103 de ie\u0219irea asta. Complet \u00eent\u00e2mpl\u0103tor, dar cu trimitere la post-ul meu precedent, <a href=\"http:\/\/iuliagus.blogspot.ro\/2013\/07\/alba-geoagiu-cib-zlatna-alba-pe.html\">Iuli a pedalat<\/a>\u00a0pe acolo prin zon\u0103 exact \u00een acela\u0219i weekend.<\/p>\n<p>&nbsp;<\/p>\n","protected":false},"excerpt":{"rendered":"<p>Acum 7 ani, \u00een 2006, primeam vizita grupului de cerceta\u0219i din Laufen, Bavaria. Campul, de cam 100 de persoane, a fost pe o p\u0103\u0219une l\u00e2ng\u0103 satul Cib, \u00een Apuseni, \u00eentre Zlatna \u0219i Geoagiu \u0219i a fost o adev\u0103rat\u0103 provocare pentru mine \u0219i echipa de atunci (nu c\u0103 a fost vreun camp de-atunci \u00eencoace care s\u0103 &hellip; <a href=\"https:\/\/yeti.albascout.ro\/blog\/cib-revisited-dupa-7-ani\/\" class=\"more-link\">Continu\u0103 s\u0103 cite\u0219ti <span class=\"screen-reader-text\">Cib revisited &#8211; dup\u0103 7 ani<\/span><\/a><\/p>\n","protected":false},"author":1,"featured_media":2816,"comment_status":"open","ping_status":"open","sticky":false,"template":"","format":"standard","meta":{"jetpack_post_was_ever_published":false,"_jetpack_newsletter_access":"","_jetpack_dont_email_post_to_subs":false,"_jetpack_newsletter_tier_id":0,"_jetpack_memberships_contains_paywalled_content":false,"_jetpack_memberships_contains_paid_content":false,"footnotes":""},"categories":[556,562],"tags":[566,589,789,618,790,640],"class_list":["post-2805","post","type-post","status-publish","format-standard","has-post-thumbnail","hentry","category-cercetasi","category-munte","tag-alba","tag-cercetai","tag-cib","tag-exploratori","tag-geoagiu","tag-hike"],"jetpack_featured_media_url":"https:\/\/yeti.albascout.ro\/blog\/wp-content\/uploads\/2013\/09\/DSC06402.jpg","jetpack_sharing_enabled":true,"_links":{"self":[{"href":"https:\/\/yeti.albascout.ro\/blog\/wp-json\/wp\/v2\/posts\/2805","targetHints":{"allow":["GET"]}}],"collection":[{"href":"https:\/\/yeti.albascout.ro\/blog\/wp-json\/wp\/v2\/posts"}],"about":[{"href":"https:\/\/yeti.albascout.ro\/blog\/wp-json\/wp\/v2\/types\/post"}],"author":[{"embeddable":true,"href":"https:\/\/yeti.albascout.ro\/blog\/wp-json\/wp\/v2\/users\/1"}],"replies":[{"embeddable":true,"href":"https:\/\/yeti.albascout.ro\/blog\/wp-json\/wp\/v2\/comments?post=2805"}],"version-history":[{"count":6,"href":"https:\/\/yeti.albascout.ro\/blog\/wp-json\/wp\/v2\/posts\/2805\/revisions"}],"predecessor-version":[{"id":2825,"href":"https:\/\/yeti.albascout.ro\/blog\/wp-json\/wp\/v2\/posts\/2805\/revisions\/2825"}],"wp:featuredmedia":[{"embeddable":true,"href":"https:\/\/yeti.albascout.ro\/blog\/wp-json\/wp\/v2\/media\/2816"}],"wp:attachment":[{"href":"https:\/\/yeti.albascout.ro\/blog\/wp-json\/wp\/v2\/media?parent=2805"}],"wp:term":[{"taxonomy":"category","embeddable":true,"href":"https:\/\/yeti.albascout.ro\/blog\/wp-json\/wp\/v2\/categories?post=2805"},{"taxonomy":"post_tag","embeddable":true,"href":"https:\/\/yeti.albascout.ro\/blog\/wp-json\/wp\/v2\/tags?post=2805"}],"curies":[{"name":"wp","href":"https:\/\/api.w.org\/{rel}","templated":true}]}}