{"id":2551,"date":"2012-11-02T11:57:59","date_gmt":"2012-11-02T09:57:59","guid":{"rendered":"http:\/\/yeti.albascout.ro\/blog\/?p=2551"},"modified":"2012-11-02T12:15:33","modified_gmt":"2012-11-02T10:15:33","slug":"gata-oricand-si-la-drobeta-turnu-severin","status":"publish","type":"post","link":"https:\/\/yeti.albascout.ro\/blog\/gata-oricand-si-la-drobeta-turnu-severin\/","title":{"rendered":"Gata oric\u00e2nd! \u0219i la Drobeta Turnu-Severin"},"content":{"rendered":"<p>Duminica ce tocmai a trecut am r\u0103spuns invita\u021biei Danei Boronti\u0219 de a participa la prima \u00eent\u00e2lnire oficial\u0103 a\u00a0<em>Grupului de Ini\u021biativ\u0103 Drobeta Turnu-Severin<\/em>. Grupul are deja ceva vechime, dar echipa de acolo, Ileana \u0219i Dana au fost foarte decise s\u0103 aib\u0103 toate lucrurile foarte bine preg\u0103tite, inclusiv partea legal\u0103, \u0219i c\u00e2nd dau drumul grupului s\u0103 aib\u0103 toate lucrurile \u00een ordine.<\/p>\n<p>Ca orice grup la \u00eenceput, una din cele mai mari provoc\u0103ri a fost spa\u021biul pentru \u00eent\u00e2lniri, dar Casa Corpului Didactic din DTS s-a ar\u0103tat un partener deschis \u0219i binevoitor, \u0219i va sprijini grupul \u00een aceast\u0103 direc\u021bie. Dac\u0103 \u0219i acest pas a fost dep\u0103\u0219it, sunt convins c\u0103 \u00een cel mai scurt timp vom vedea un nou Centru Local acolo, \u00eentr-o zon\u0103 \u00een care cercet\u0103\u0219ia nu prea este reprezentat\u0103.<!--more--><\/p>\n<p>Am \u00eencurajat \u0219i sus\u021binut, cu sfaturi \u0219i materiale, ini\u021biativa de la DTS \u0219i c\u00e2nd eram vicepre\u0219edinte al ONCR, dar acum am fost acolo duminic\u0103 mai ales \u00een calitate de reprezentant al Centrului nostru Local, nu doar s\u0103 vorbesc despre cercet\u0103\u0219ie ca \u0219i organiza\u021bie, ci \u0219i ca s\u0103 vin cu exemple concrete pentru ce fac, p\u00e2n\u0103 la urm\u0103, cerceta\u0219ii.<\/p>\n<p>Drumul a fost o peripe\u021bie \u00eentreag\u0103, am pierdut ultimul tren de noapte \u0219i a trebuit s\u0103 \u00eel iau pe primul de diminea\u021b\u0103, care, desigur, a \u00eent\u00e2rziat \u0219i el la sosire. Am petrecut timpul dintre trenul de noapte \u0219i trenul de diminea\u021b\u0103 select\u00e2nd poze din Campul Centrului Local \u0219i din cel\u0103lalte activit\u0103\u021bi din anul cercet\u0103\u0219esc ce s-a \u00eencheiat de cur\u00e2nd (avem prea MULTE poze :)).<\/p>\n<p>To\u021bi copii prezen\u021bi fiind de v\u00e2rsta eXploratorilor, am trecut repede \u00een prezentarea mea prin elementele Metodei Scout, mai ales zona cu <a href=\"http:\/\/yeti.albascout.ro\/blog\/?p=2187\">progresul personal<\/a>, care mi se pare foarte de interes pentru liceeni.<\/p>\n<p><figure id=\"attachment_2558\" aria-describedby=\"caption-attachment-2558\" style=\"width: 300px\" class=\"wp-caption alignnone\"><a href=\"http:\/\/yeti.albascout.ro\/blog\/?attachment_id=2558\" rel=\"attachment wp-att-2558\"><img loading=\"lazy\" decoding=\"async\" class=\"size-medium wp-image-2558\" title=\"SAM_0429 [1600x1000]\" src=\"http:\/\/yeti.albascout.ro\/blog\/wp-content\/uploads\/2012\/11\/SAM_0429-1600x1000-300x200.jpg\" alt=\"\" width=\"300\" height=\"200\" srcset=\"https:\/\/yeti.albascout.ro\/blog\/wp-content\/uploads\/2012\/11\/SAM_0429-1600x1000-300x200.jpg 300w, https:\/\/yeti.albascout.ro\/blog\/wp-content\/uploads\/2012\/11\/SAM_0429-1600x1000-1024x682.jpg 1024w, https:\/\/yeti.albascout.ro\/blog\/wp-content\/uploads\/2012\/11\/SAM_0429-1600x1000.jpg 1500w\" sizes=\"auto, (max-width: 300px) 100vw, 300px\" \/><\/a><figcaption id=\"caption-attachment-2558\" class=\"wp-caption-text\">Despre sistemul de progres la eXploratori<\/figcaption><\/figure>De c\u00e2nd sunt cerceta\u0219, mi se pune \u00eentrebarea <em>&#8222;Dar ce cerceta\u021bi voi?&#8221;<\/em>, \u00eentrebare care ne b\u00e2ntuie pe to\u021bi \u0219i de care s-a lovit fiecare cerceta\u0219 cel pu\u021bin odat\u0103. De-a lungul timpului am tot \u00eencercat s\u0103 g\u0103sesc un r\u0103spuns bun, care s\u0103 conving\u0103. Nu \u0219tiu dac\u0103 am reu\u0219it, dar de fiecare dat\u0103 c\u00e2nd \u00eencarc s\u0103 formulez un r\u0103spuns mai \u00een\u021beleg ceva despre cercet\u0103\u0219ie (blog-ul \u0103sta exist\u0103, \u00een parte, ca o \u00eencercare de r\u0103spuns).<\/p>\n<p><figure id=\"attachment_2557\" aria-describedby=\"caption-attachment-2557\" style=\"width: 300px\" class=\"wp-caption alignnone\"><a href=\"http:\/\/yeti.albascout.ro\/blog\/?attachment_id=2557\" rel=\"attachment wp-att-2557\"><img loading=\"lazy\" decoding=\"async\" class=\"size-medium wp-image-2557\" title=\"SAM_0432 [1600x1000]\" src=\"http:\/\/yeti.albascout.ro\/blog\/wp-content\/uploads\/2012\/11\/SAM_0432-1600x1000-300x200.jpg\" alt=\"\" width=\"300\" height=\"200\" srcset=\"https:\/\/yeti.albascout.ro\/blog\/wp-content\/uploads\/2012\/11\/SAM_0432-1600x1000-300x200.jpg 300w, https:\/\/yeti.albascout.ro\/blog\/wp-content\/uploads\/2012\/11\/SAM_0432-1600x1000-1024x682.jpg 1024w, https:\/\/yeti.albascout.ro\/blog\/wp-content\/uploads\/2012\/11\/SAM_0432-1600x1000.jpg 1500w\" sizes=\"auto, (max-width: 300px) 100vw, 300px\" \/><\/a><figcaption id=\"caption-attachment-2557\" class=\"wp-caption-text\">Despre ce se \u00eent\u00e2mpl\u0103 la cerceta\u0219i (cred c\u0103 asta e partea unde le povesteam despre skill-urile deosebite ale seniorilor de a g\u0103si poteci &#8230; alternative \u0219i neoficiale)<\/figcaption><\/figure>Pentru \u00eent\u00e2lnirea de duminic\u0103 aveam nevoie de un r\u0103spuns care s\u0103 se \u00eencadreze \u00een 30 de minute, a\u0219a c\u0103 am hot\u0103r\u00e2t c\u0103 cea mai direct\u0103 cale este s\u0103 le ar\u0103t ce fac cerceta\u0219ii din Alba Iulia, \u0219i, deci, ce pot face \u0219i ei. \u0218i nu cred c\u0103 exist\u0103 lucru mai potrivit pentru o astfel de exemplificare dec\u00e2t pozele dintr-un camp de var\u0103, a\u0219a c\u0103 am trecut, folosind poze din\u00a0<a href=\"http:\/\/albascout.ro\/site\/?cat=95\"><em>Olimpiada \u00een bocanci<\/em>\u00a0<\/a>(Campul Centrului Local de anul \u0103sta), \u0219i le-am povestit de (o parte din) tradi\u021biile de camp ale grupului nostru.<\/p>\n<p>Sper c\u0103 am reu\u0219it s\u0103 st\u00e2rnesc interesul mai multora dintre cei prezen\u021bi, at\u00e2t tinerilor c\u00e2t \u0219i adul\u021bilor (<a href=\"http:\/\/yeti.albascout.ro\/blog\/?p=2488\">sistemul de ap\u0103 cald\u0103<\/a> mi s-a p\u0103rut c\u0103 a avut un efect interesant, mai ales asupra adul\u021bilor :P), \u0219i a\u0219tept cu mare interes poze de la prima lor ac\u021biune :)<\/p>\n<p><figure id=\"attachment_2556\" aria-describedby=\"caption-attachment-2556\" style=\"width: 300px\" class=\"wp-caption alignnone\"><a href=\"http:\/\/yeti.albascout.ro\/blog\/?attachment_id=2556\" rel=\"attachment wp-att-2556\"><img loading=\"lazy\" decoding=\"async\" class=\"size-medium wp-image-2556\" title=\"SAM_0415 [1600x1000]\" src=\"http:\/\/yeti.albascout.ro\/blog\/wp-content\/uploads\/2012\/11\/SAM_0415-1600x1000-300x200.jpg\" alt=\"\" width=\"300\" height=\"200\" srcset=\"https:\/\/yeti.albascout.ro\/blog\/wp-content\/uploads\/2012\/11\/SAM_0415-1600x1000-300x200.jpg 300w, https:\/\/yeti.albascout.ro\/blog\/wp-content\/uploads\/2012\/11\/SAM_0415-1600x1000-1024x682.jpg 1024w, https:\/\/yeti.albascout.ro\/blog\/wp-content\/uploads\/2012\/11\/SAM_0415-1600x1000.jpg 1500w\" sizes=\"auto, (max-width: 300px) 100vw, 300px\" \/><\/a><figcaption id=\"caption-attachment-2556\" class=\"wp-caption-text\">Dana, unul din motoarele Grupului de Ini\u021biativ\u0103 (foto: Ileana\u00a0<\/figcaption><\/figure>Le mul\u021bumesc Danei \u0219i Ileanei pentru ini\u021biativ\u0103, pentru invita\u021bie, \u0219i le urez mult succes \u00een tot ceea ce fac. C\u0103 fac bine :)<\/p>\n","protected":false},"excerpt":{"rendered":"<p>Duminica ce tocmai a trecut am r\u0103spuns invita\u021biei Danei Boronti\u0219 de a participa la prima \u00eent\u00e2lnire oficial\u0103 a\u00a0Grupului de Ini\u021biativ\u0103 Drobeta Turnu-Severin. Grupul are deja ceva vechime, dar echipa de acolo, Ileana \u0219i Dana au fost foarte decise s\u0103 aib\u0103 toate lucrurile foarte bine preg\u0103tite, inclusiv partea legal\u0103, \u0219i c\u00e2nd dau drumul grupului s\u0103 aib\u0103 &hellip; <a href=\"https:\/\/yeti.albascout.ro\/blog\/gata-oricand-si-la-drobeta-turnu-severin\/\" class=\"more-link\">Continu\u0103 s\u0103 cite\u0219ti <span class=\"screen-reader-text\">Gata oric\u00e2nd! \u0219i la Drobeta Turnu-Severin<\/span><\/a><\/p>\n","protected":false},"author":1,"featured_media":2557,"comment_status":"open","ping_status":"open","sticky":false,"template":"","format":"standard","meta":{"jetpack_post_was_ever_published":false,"_jetpack_newsletter_access":"","_jetpack_dont_email_post_to_subs":false,"_jetpack_newsletter_tier_id":0,"_jetpack_memberships_contains_paywalled_content":false,"_jetpack_memberships_contains_paid_content":false,"footnotes":""},"categories":[556],"tags":[605,589,783],"class_list":["post-2551","post","type-post","status-publish","format-standard","has-post-thumbnail","hentry","category-cercetasi","tag-calatorii","tag-cercetai","tag-drobeta-turnu-severin"],"jetpack_featured_media_url":"https:\/\/yeti.albascout.ro\/blog\/wp-content\/uploads\/2012\/11\/SAM_0432-1600x1000.jpg","jetpack_sharing_enabled":true,"_links":{"self":[{"href":"https:\/\/yeti.albascout.ro\/blog\/wp-json\/wp\/v2\/posts\/2551","targetHints":{"allow":["GET"]}}],"collection":[{"href":"https:\/\/yeti.albascout.ro\/blog\/wp-json\/wp\/v2\/posts"}],"about":[{"href":"https:\/\/yeti.albascout.ro\/blog\/wp-json\/wp\/v2\/types\/post"}],"author":[{"embeddable":true,"href":"https:\/\/yeti.albascout.ro\/blog\/wp-json\/wp\/v2\/users\/1"}],"replies":[{"embeddable":true,"href":"https:\/\/yeti.albascout.ro\/blog\/wp-json\/wp\/v2\/comments?post=2551"}],"version-history":[{"count":4,"href":"https:\/\/yeti.albascout.ro\/blog\/wp-json\/wp\/v2\/posts\/2551\/revisions"}],"predecessor-version":[{"id":2565,"href":"https:\/\/yeti.albascout.ro\/blog\/wp-json\/wp\/v2\/posts\/2551\/revisions\/2565"}],"wp:featuredmedia":[{"embeddable":true,"href":"https:\/\/yeti.albascout.ro\/blog\/wp-json\/wp\/v2\/media\/2557"}],"wp:attachment":[{"href":"https:\/\/yeti.albascout.ro\/blog\/wp-json\/wp\/v2\/media?parent=2551"}],"wp:term":[{"taxonomy":"category","embeddable":true,"href":"https:\/\/yeti.albascout.ro\/blog\/wp-json\/wp\/v2\/categories?post=2551"},{"taxonomy":"post_tag","embeddable":true,"href":"https:\/\/yeti.albascout.ro\/blog\/wp-json\/wp\/v2\/tags?post=2551"}],"curies":[{"name":"wp","href":"https:\/\/api.w.org\/{rel}","templated":true}]}}