{"id":1966,"date":"2011-09-23T14:41:36","date_gmt":"2011-09-23T12:41:36","guid":{"rendered":"http:\/\/yeti.albascout.ro\/blog\/?p=1966"},"modified":"2011-09-23T14:43:33","modified_gmt":"2011-09-23T12:43:33","slug":"lets-do-it-romania-2011","status":"publish","type":"post","link":"https:\/\/yeti.albascout.ro\/blog\/lets-do-it-romania-2011\/","title":{"rendered":"Let&#8217;s do it Romania 2011"},"content":{"rendered":"<p>Dupa cum sunt sigur c\u0103 \u0219ti\u021bi, <a href=\"http:\/\/letsdoitromania.ro\">Let&#8217;s do it Romania<\/a> este un proiect care \u00ee\u0219i propune sa scape &#8222;areale naturale&#8221; (paduri, campii, munti) din \u021b\u0103ri\u0219oar\u0103 de gunoaiele care le \u00eempanzesc. Proiectul este la a doua edi\u021bie \u00een Rom\u00e2nia, \u0219i poat\u0103 c\u0103 sunt dintre voi care sunt deja \u00eenscri\u0219i, cu cerceta\u0219ii, prin scoala, sau cu prietenii, pentru a participa la &#8222;marea cur\u0103\u021benie&#8221; care va avea loc m\u00e2ine, 24 septembrie.<!--more--><\/p>\n<p><a href=\"http:\/\/yeti.albascout.ro\/blog\/wp-content\/uploads\/2011\/09\/let-s-do-it-romania-curatenie-nationala-timis-5-iunie-1-DM738231KW.jpg\"><img loading=\"lazy\" decoding=\"async\" class=\"alignnone size-medium wp-image-1967\" title=\"let-s-do-it-romania-curatenie-nationala-timis-5-iunie (1)-DM738231KW\" src=\"http:\/\/yeti.albascout.ro\/blog\/wp-content\/uploads\/2011\/09\/let-s-do-it-romania-curatenie-nationala-timis-5-iunie-1-DM738231KW-300x211.jpg\" alt=\"\" width=\"300\" height=\"211\" srcset=\"https:\/\/yeti.albascout.ro\/blog\/wp-content\/uploads\/2011\/09\/let-s-do-it-romania-curatenie-nationala-timis-5-iunie-1-DM738231KW-300x211.jpg 300w, https:\/\/yeti.albascout.ro\/blog\/wp-content\/uploads\/2011\/09\/let-s-do-it-romania-curatenie-nationala-timis-5-iunie-1-DM738231KW.jpg 596w\" sizes=\"auto, (max-width: 300px) 100vw, 300px\" \/><\/a><\/p>\n<p>La nivel na\u021bional, <em>ONCR sus\u021bine proiectul Let&#8217;s do it Romania<\/em>, \u0219i, chiar daca vin dintr-o var\u0103 plin\u0103, multe Centre Locale s-au implicat puternic \u00een organizarea evenimentului.<\/p>\n<p>La Alba Iulia, unde am avut o var\u0103 excep\u021bional\u0103, dar \u0219i excep\u021bional de plin\u0103, am hot\u0103r\u00e2t s\u0103 nu ne implic\u0103m, ca asocia\u021bie, \u00een proiect. Totu\u0219i, cerceta\u0219i din Alba Iulia vor participa, \u00een diferite moduri, la eveniment.<\/p>\n<p>De\u0219i \u0219tiu c\u0103 exist\u0103 \u0219i probleme administrative, \u00een unele jude\u021be mai mari dec\u00e2t \u00een altele, at the end of the day, cum zice americanul, <em>LDIR<\/em> este un proiect descentralizat, bazat strict pe voluntariat.<\/p>\n<p>Personal, sus\u021bin ideea din spatele <em>LDIR, <\/em>\u00eei admir \u0219i \u00eei felicit pe to\u021bi cei care \u0219i-au dedicat timpul acestui proiect, \u0219i orice provoc\u0103ri administrative ar exista, mai ales la nivel local, singurul mod prin care ele pot fi rezolvate (eventual la alte proiecte asem\u0103n\u0103toare) este s\u0103 se implice <em>mai mul\u021bi oameni binevoitori!<\/em><\/p>\n<p>Dac\u0103 participa\u021bi m\u00e2ine la eveniment, \u0219i considera\u021bi c\u0103 se cuvine (aici, dup\u0103 cum simte fiecare, \u00een func\u021bie de modul \u00een care participa\u021bi), v\u0103 invit <strong>s\u0103 lua\u021bi cu voi la <em>marea cur\u0103\u021benie <\/em>\u0219i e\u0219arfa de cerceta\u0219, sau, dac\u0103 nu, un alt simbol cercet\u0103\u0219esc<\/strong> &#8211; s\u0103 ar\u0103t\u0103m c\u0103 <strong>sus\u021binem, ca cerceta\u0219i, asemenea ini\u021biative<\/strong>.<\/p>\n","protected":false},"excerpt":{"rendered":"<p>Dupa cum sunt sigur c\u0103 \u0219ti\u021bi, Let&#8217;s do it Romania este un proiect care \u00ee\u0219i propune sa scape &#8222;areale naturale&#8221; (paduri, campii, munti) din \u021b\u0103ri\u0219oar\u0103 de gunoaiele care le \u00eempanzesc. Proiectul este la a doua edi\u021bie \u00een Rom\u00e2nia, \u0219i poat\u0103 c\u0103 sunt dintre voi care sunt deja \u00eenscri\u0219i, cu cerceta\u0219ii, prin scoala, sau cu prietenii, &hellip; <a href=\"https:\/\/yeti.albascout.ro\/blog\/lets-do-it-romania-2011\/\" class=\"more-link\">Continu\u0103 s\u0103 cite\u0219ti <span class=\"screen-reader-text\">Let&#8217;s do it Romania 2011<\/span><\/a><\/p>\n","protected":false},"author":1,"featured_media":1970,"comment_status":"open","ping_status":"open","sticky":false,"template":"","format":"standard","meta":{"jetpack_post_was_ever_published":false,"_jetpack_newsletter_access":"","_jetpack_dont_email_post_to_subs":false,"_jetpack_newsletter_tier_id":0,"_jetpack_memberships_contains_paywalled_content":false,"_jetpack_memberships_contains_paid_content":false,"footnotes":""},"categories":[556,563],"tags":[589,759],"class_list":["post-1966","post","type-post","status-publish","format-standard","has-post-thumbnail","hentry","category-cercetasi","category-parerea-mea","tag-cercetai","tag-ldir"],"jetpack_featured_media_url":"https:\/\/yeti.albascout.ro\/blog\/wp-content\/uploads\/2011\/09\/let-s-do-it-romania-curatenie-nationala-timis-5-iunie-1-DM738231KW1.jpg","jetpack_sharing_enabled":true,"_links":{"self":[{"href":"https:\/\/yeti.albascout.ro\/blog\/wp-json\/wp\/v2\/posts\/1966","targetHints":{"allow":["GET"]}}],"collection":[{"href":"https:\/\/yeti.albascout.ro\/blog\/wp-json\/wp\/v2\/posts"}],"about":[{"href":"https:\/\/yeti.albascout.ro\/blog\/wp-json\/wp\/v2\/types\/post"}],"author":[{"embeddable":true,"href":"https:\/\/yeti.albascout.ro\/blog\/wp-json\/wp\/v2\/users\/1"}],"replies":[{"embeddable":true,"href":"https:\/\/yeti.albascout.ro\/blog\/wp-json\/wp\/v2\/comments?post=1966"}],"version-history":[{"count":3,"href":"https:\/\/yeti.albascout.ro\/blog\/wp-json\/wp\/v2\/posts\/1966\/revisions"}],"predecessor-version":[{"id":1971,"href":"https:\/\/yeti.albascout.ro\/blog\/wp-json\/wp\/v2\/posts\/1966\/revisions\/1971"}],"wp:featuredmedia":[{"embeddable":true,"href":"https:\/\/yeti.albascout.ro\/blog\/wp-json\/wp\/v2\/media\/1970"}],"wp:attachment":[{"href":"https:\/\/yeti.albascout.ro\/blog\/wp-json\/wp\/v2\/media?parent=1966"}],"wp:term":[{"taxonomy":"category","embeddable":true,"href":"https:\/\/yeti.albascout.ro\/blog\/wp-json\/wp\/v2\/categories?post=1966"},{"taxonomy":"post_tag","embeddable":true,"href":"https:\/\/yeti.albascout.ro\/blog\/wp-json\/wp\/v2\/tags?post=1966"}],"curies":[{"name":"wp","href":"https:\/\/api.w.org\/{rel}","templated":true}]}}