{"id":1719,"date":"2011-04-27T16:05:47","date_gmt":"2011-04-27T14:05:47","guid":{"rendered":"http:\/\/yeti.albascout.ro\/blog\/?p=1719"},"modified":"2011-04-28T11:03:27","modified_gmt":"2011-04-28T09:03:27","slug":"adunarea-generala-a-oncr-salistea-sibiului","status":"publish","type":"post","link":"https:\/\/yeti.albascout.ro\/blog\/adunarea-generala-a-oncr-salistea-sibiului\/","title":{"rendered":"Adunarea General\u0103 a ONCR, S\u0103li\u0219tea Sibiului"},"content":{"rendered":"<p>Am \u00eenceput s\u0103 scriu post-ul \u0103sta mai demult, dar nu am apucat s\u0103-l finalizez p\u00e2n\u0103 azi. Am avut \u00een weekendul cu 16 &#8211; 17 aprilie prima Adunare General\u0103 a ONCR de c\u00e2nd fac parte din Consiliul Director. A fost un eveniment pe care l-am sim\u021bit foarte obositor, \u0219i greu atat pentru minte c\u00e2t \u0219i pentru suflet, continuat de o \u0219edin\u021b\u0103 de Consiliu Director \u00een aceea\u0219i not\u0103, dar cred c\u0103 rezultatul per total a fost unul pozitiv pentru organiza\u021bie \u0219i pentru cerceta\u0219i.<!--more--><\/p>\n<p>La Consiliul din februarie am propus \u0219i am decis s\u0103 o facem la S\u0103li\u0219tea Sibiului, exact \u00een locul unde urmeaz\u0103 s\u0103 fie <a href=\"http:\/\/rojam.ro\">RoJAM<\/a> la var\u0103, \u0219i, de\u0219i au existat \u0219i critici \u0219i probleme cauzate de loca\u021bia asta, cred \u00een continuare c\u0103 ideea cu loca\u021bia a fost una bun\u0103. Poate c\u0103 pentru loca\u021bie, poate pentru RoJAM, sau poate pentru c\u0103 ordinea de zi a con\u021binut \u0219i alegeri pentru completarea <em>Consiliului Director<\/em> \u0219i o propunere de modificare a cotiza\u021biei, prezen\u021ba a fost una foarte bun\u0103: <strong>44<\/strong> de Centre Locale din <strong>52<\/strong>.<\/p>\n<p>S\u0103pt\u0103m\u00e2na de dinaintea Adun\u0103rii Generale a fost foarte agitat\u0103, \u0219i, de\u0219i speram s\u0103 avem m\u0103car o s\u0103pt\u0103m\u00e2n\u0103 de discutii, at\u00e2t pe cotiza\u021bie c\u00e2t \u0219i pe rapoartele structurilor nationale, lipsa complet\u0103 a timpului multora dintre noi a \u00eensemnat c\u0103 materialele au fost, din nou, finalizate doar pentru mapa fiec\u0103ruia dintre reprezentan\u021bii Centrelor Locale. <strong><em>Trebuie<\/em><\/strong> s\u0103 g\u0103sim o solu\u021bie la problema asta. C\u00e2nd eram mai <em>mic<\/em>, \u0219i reprezentam Centrul Local Axente Sever Alba Iulia, nu m\u0103 g\u00e2ndeam foarte mult la lucrurile astea. Totu\u0219i, s\u0103 pretinzi oamenilor responsabilitatea unui vot atunci c\u00e2nd nu pot discuta \u00een Centrul lor Local subiectele care vor fi votate, dup\u0103 p\u0103rerea mea, este cam mult.<\/p>\n<p>Au fost dou\u0103 subiecte foarte importante, \u0219i unul care poate nu a fost tratat cu at\u00e2ta importan\u021b\u0103 dar pe care eu \u00eel consider ca o victorie. Subiectele importante au fost alegerile pentru completarea Consiliului Director (\u0219i acum \u00eei avem ca proaspe\u021bi colegi pe Maricel Maroti, de la Centrul Local Virgil Oni\u021biu Bra\u0219ov \u0219i Marian Panait, de la Centrul Local Pele\u0219 Sinaia) \u0219i modificarea cotiza\u021biei.<\/p>\n<figure id=\"attachment_1735\" aria-describedby=\"caption-attachment-1735\" style=\"width: 300px\" class=\"wp-caption alignnone\"><a href=\"http:\/\/yeti.albascout.ro\/blog\/wp-content\/uploads\/2011\/04\/DSC_6091.jpg\"><img loading=\"lazy\" decoding=\"async\" class=\"size-medium wp-image-1735\" title=\"DSC_6091\" src=\"http:\/\/yeti.albascout.ro\/blog\/wp-content\/uploads\/2011\/04\/DSC_6091-300x179.jpg\" alt=\"\" width=\"300\" height=\"179\" srcset=\"https:\/\/yeti.albascout.ro\/blog\/wp-content\/uploads\/2011\/04\/DSC_6091-300x179.jpg 300w, https:\/\/yeti.albascout.ro\/blog\/wp-content\/uploads\/2011\/04\/DSC_6091-1024x611.jpg 1024w, https:\/\/yeti.albascout.ro\/blog\/wp-content\/uploads\/2011\/04\/DSC_6091.jpg 1713w\" sizes=\"auto, (max-width: 300px) 100vw, 300px\" \/><\/a><figcaption id=\"caption-attachment-1735\" class=\"wp-caption-text\">La masa prezidiului, poate post-ul meu cu c\u0103ma\u0219a are mai mult sens acum :)<\/figcaption><\/figure>\n<p>Modificarea cotiza\u021biei, dup\u0103 cum m\u0103 a\u0219teptam, a fost un subiect de lungi \u0219i aprinse discu\u021bii, de multe negocieri, chiar \u0219i de lacrimi \u0219i de vehemen\u021b\u0103. Noua cotiza\u021bie este considerabil mai mare dec\u00e2t cea veche, dar este mai flexibil\u0103, \u0219i este calculat\u0103 s\u0103 putem acoperi o stabilitate financiar\u0103 a ONCR prin acoperirea bugetului nostru administrativ minimal. Noua cotiza\u021bie vine \u0219i cu angajamentul meu, chiar personal, c\u0103 vom introduce un sistem informatizat de gestiune a membrilor \u0219i a cotizatiilor lor p\u00e2n\u0103 la sf\u00e2r\u0219itul anului. Acest sistem va trebui s\u0103 bazat pe o structur\u0103 distribuit\u0103, la \u00eendem\u00e2na \u0219i \u00een responsabilitatea Centrelor Locale \u0219i pe <strong><em>carduri de membru<\/em><\/strong> (despre care voi mai scrie aici).<\/p>\n<figure id=\"attachment_1734\" aria-describedby=\"caption-attachment-1734\" style=\"width: 300px\" class=\"wp-caption alignnone\"><a href=\"http:\/\/yeti.albascout.ro\/blog\/wp-content\/uploads\/2011\/04\/DSC_6094.jpg\"><img loading=\"lazy\" decoding=\"async\" class=\"size-medium wp-image-1734\" title=\"DSC_6094\" src=\"http:\/\/yeti.albascout.ro\/blog\/wp-content\/uploads\/2011\/04\/DSC_6094-300x199.jpg\" alt=\"\" width=\"300\" height=\"199\" srcset=\"https:\/\/yeti.albascout.ro\/blog\/wp-content\/uploads\/2011\/04\/DSC_6094-300x199.jpg 300w, https:\/\/yeti.albascout.ro\/blog\/wp-content\/uploads\/2011\/04\/DSC_6094-1024x680.jpg 1024w\" sizes=\"auto, (max-width: 300px) 100vw, 300px\" \/><\/a><figcaption id=\"caption-attachment-1734\" class=\"wp-caption-text\">Discu\u021bie pe marginea propunerii noii cotiza\u021bii<\/figcaption><\/figure>\n<p>Lucrul de care ziceam c\u0103 e important dar nu a fost tratat cu at\u00e2ta importan\u021b\u0103 este c\u0103 Centrele Locale sunt acum o prioritate validat\u0103 de AG a Consiliului Director, at\u00e2t pe partea de comunicare, c\u00e2t \u0219i pe partea de extindere \/ dezvoltare.<\/p>\n<p>Pe partea de aventur\u0103 cercet\u0103\u0219easc\u0103, AG-ul a fost o peripe\u021bie interesant\u0103. L-am avut pe Gabi \u00een vizit\u0103 joi \/ vineri la Bucure\u0219ti, \u0219i am plecat vineri \u00eempreun\u0103 la S\u0103li\u0219te. De\u0219i Miha ne f\u0103cuse rezervare, evident c\u0103 am pierdut-o, \u0219i am prins ceva bus p\u00e2n\u0103 la V\u00e2lcea, \u0219i apoi cu mult noroc de acolo un microbuz de Sibiu &#8211; unde am ajuns, am\u00e2ndoi f\u0103r\u0103 baterie la telefoane, pe la 22.<\/p>\n<p>Ne-am b\u0103gat la un birt \u00een Pia\u021ba Mic\u0103, ne-am b\u0103gat la \u00eenc\u0103rcat, am descoperit c\u0103 avem un accelerat la 3AM, a\u0219a c\u0103 i-am sunat pe Adi Cozma \u0219i pe Bogu, \u0219i am rupt un Saboteur p\u00e2n\u0103 ne-au dat afar\u0103 de la Einstein, un alt birt din Pia\u021ba Mic\u0103 :)<\/p>\n<p>Am ajuns la cr\u0103patul zilei la S\u0103li\u0219te, am mai pus \u021bara la cale cu C\u0103t\u0103 C\u0103tan\u0103 \u0219i cu Adi \u0218uhanea, \u0219i s-a f\u0103cut de ora 8 \u0219i a \u00eenceput agita\u021bia. F\u0103c\u00e2nd parte din prezidiu, n-am reu\u0219it s\u0103 vorbesc \u0219i s\u0103 socializez foarte mult printre participan\u021bi, dar am fost fericit s\u0103 \u00eent\u00e2lnesc mul\u021bi prieteni vechi, \u0219i chiar s\u0103 descop\u0103r unii noi.<\/p>\n<p>Partenerii no\u0219tri de la UCMR (Uniunea Cerceta\u0219ilor Maghiari din Rom\u00e2nia) au fost prezen\u021bi \u0219i ei, \u0219i interven\u021biile pre\u0219edintelui lor, c\u00e2t \u0219i scurta discu\u021bie pe care am avut-o cu el la \u00eencheiere \u00eemi sporesc \u00eencrederea pe care o aveam oricum \u00een colaborarea noastr\u0103 cu ei.<\/p>\n<p>Duminic\u0103, dup\u0103 scurtul Consiliu Director, am f\u0103cut un photo shoot pe c\u00e2mpul RoJAM \u00eembr\u0103ca\u021bi cu tricourile RoJAM pentru a promova RoJAM \u0219i am petrecut dup\u0103-masa \u00een Sibiu (\u00een lipsa unei solu\u021bii de transport mai devreme) \u0219i am urcat, \u00een sf\u00e2r\u0219it, \u00een Turnul Sfatului :)<\/p>\n","protected":false},"excerpt":{"rendered":"<p>Am \u00eenceput s\u0103 scriu post-ul \u0103sta mai demult, dar nu am apucat s\u0103-l finalizez p\u00e2n\u0103 azi. Am avut \u00een weekendul cu 16 &#8211; 17 aprilie prima Adunare General\u0103 a ONCR de c\u00e2nd fac parte din Consiliul Director. A fost un eveniment pe care l-am sim\u021bit foarte obositor, \u0219i greu atat pentru minte c\u00e2t \u0219i pentru &hellip; <a href=\"https:\/\/yeti.albascout.ro\/blog\/adunarea-generala-a-oncr-salistea-sibiului\/\" class=\"more-link\">Continu\u0103 s\u0103 cite\u0219ti <span class=\"screen-reader-text\">Adunarea General\u0103 a ONCR, S\u0103li\u0219tea Sibiului<\/span><\/a><\/p>\n","protected":false},"author":1,"featured_media":0,"comment_status":"open","ping_status":"open","sticky":false,"template":"","format":"standard","meta":{"jetpack_post_was_ever_published":false,"_jetpack_newsletter_access":"","_jetpack_dont_email_post_to_subs":false,"_jetpack_newsletter_tier_id":0,"_jetpack_memberships_contains_paywalled_content":false,"_jetpack_memberships_contains_paid_content":false,"footnotes":""},"categories":[556],"tags":[742,589,743],"class_list":["post-1719","post","type-post","status-publish","format-standard","hentry","category-cercetasi","tag-ag","tag-cercetai","tag-saliste"],"jetpack_featured_media_url":"","jetpack_sharing_enabled":true,"_links":{"self":[{"href":"https:\/\/yeti.albascout.ro\/blog\/wp-json\/wp\/v2\/posts\/1719","targetHints":{"allow":["GET"]}}],"collection":[{"href":"https:\/\/yeti.albascout.ro\/blog\/wp-json\/wp\/v2\/posts"}],"about":[{"href":"https:\/\/yeti.albascout.ro\/blog\/wp-json\/wp\/v2\/types\/post"}],"author":[{"embeddable":true,"href":"https:\/\/yeti.albascout.ro\/blog\/wp-json\/wp\/v2\/users\/1"}],"replies":[{"embeddable":true,"href":"https:\/\/yeti.albascout.ro\/blog\/wp-json\/wp\/v2\/comments?post=1719"}],"version-history":[{"count":7,"href":"https:\/\/yeti.albascout.ro\/blog\/wp-json\/wp\/v2\/posts\/1719\/revisions"}],"predecessor-version":[{"id":1738,"href":"https:\/\/yeti.albascout.ro\/blog\/wp-json\/wp\/v2\/posts\/1719\/revisions\/1738"}],"wp:attachment":[{"href":"https:\/\/yeti.albascout.ro\/blog\/wp-json\/wp\/v2\/media?parent=1719"}],"wp:term":[{"taxonomy":"category","embeddable":true,"href":"https:\/\/yeti.albascout.ro\/blog\/wp-json\/wp\/v2\/categories?post=1719"},{"taxonomy":"post_tag","embeddable":true,"href":"https:\/\/yeti.albascout.ro\/blog\/wp-json\/wp\/v2\/tags?post=1719"}],"curies":[{"name":"wp","href":"https:\/\/api.w.org\/{rel}","templated":true}]}}