{"id":160,"date":"2008-12-13T02:36:42","date_gmt":"2008-12-12T23:36:42","guid":{"rendered":"http:\/\/yeti.albascout.ro\/blog\/?p=160"},"modified":"2008-12-13T02:36:42","modified_gmt":"2008-12-12T23:36:42","slug":"the-big-ask","status":"publish","type":"post","link":"https:\/\/yeti.albascout.ro\/blog\/the-big-ask\/","title":{"rendered":"The Big Ask"},"content":{"rendered":"<p>Eu, ca cerceta\u015f, \u00eencerc s\u0103 g\u00e2ndesc pro-mediu, dar \u00eencerc s\u0103 p\u0103strez un nivel de realism \u00een chestiile pe care \u00eencerc s\u0103 le fac pentru mediu (un exemplu, dac\u0103 eu reciclez acas\u0103 \u015fi aia la groapa de gunoi le bag\u0103 toate \u00een aceea\u015fi gr\u0103mad\u0103, e un motiv \u00een plus de nelini\u015fte pentru mine \u015fi un efort inutil). De asemenea, nu v\u0103d \u00eenc\u0103 utilitatea unora din metodele pe care le propune Vestul (vezi poza de la Iuli de pe <a href=\"http:\/\/iuliagus.blogspot.com\/2008\/12\/eu-cu-cine-votez-eu-cum-actionez.html\">blog<\/a>), cum ar fi s\u0103 nu faci mai mult de 2 copii, s\u0103 m\u0103n\u00e2nci mai pu\u0163in\u0103 carne \u015fi s\u0103 sco\u0163i chestiile din priz\u0103 c\u00e2nd nu le folose\u015fti, \u00een timp ce \u00een jurul meu circul\u0103 ma\u015fini produse \u00een 1980 \u015fi gunoaiele nu se str\u00e2ng gr\u0103mad\u0103 la groapa de gunoi, ci \u00een mijlocul ora\u015fului.<\/p>\n<p>Sunt chestii pe care eu acum le v\u0103d ca irelevante, \u00een ideea \u00een care impactul pe care l-ar avea dac\u0103 toat\u0103 Rom\u00e2nia l-ar face nu ar ajuta planeta mai mult dec\u00e2t scoaterea din uz a c\u00e2torva zeci de ma\u015fini. \u015ei s\u0103 nu uit\u0103m c\u0103 Rom\u00e2nia nu \u00ee\u015fi propune s\u0103 fac\u0103 prea multe pentru mediu &#8211; Carrefour \u00eenc\u0103 \u00eemparte gratis pungi de plastic \u015fi \u00eenfoliaz\u0103 toate gen\u0163ile \/ plasele \/ rucsacii ce intr\u0103 din exterior \u00eentr-o pung\u0103 care se str\u00e2nge cu gunoiul general!<\/p>\n<p>But i&#8217;m getting sidetracked, scriu postul \u0103sta pentru c\u0103 Ioana Lucaciu mi-a trimis un film foarte mi\u015fto, care are sens chiar \u015fi pentru mine, unde nu se fac afirma\u0163ii extremiste despre reducerea consumului\u00a0 de energie \u015fi nici alte cereri absurde. Clipul de mai jos (pe care e musai s\u0103-l vede\u0163i :) ne cere at\u00e2t: hai s\u0103 le cerem oamenilor care au rol decizional \u00een chestia asta s\u0103 FACA CEVA ODATA!<\/p>\n<p><object width=\"480\" height=\"295\" data=\"http:\/\/www.youtube.com\/v\/-kRP5x2MsAw&amp;hl=en&amp;fs=1&amp;rel=0&amp;color1=0x3a3a3a&amp;color2=0x999999\" type=\"application\/x-shockwave-flash\"><param name=\"allowFullScreen\" value=\"true\" \/><param name=\"allowscriptaccess\" value=\"always\" \/><param name=\"src\" value=\"http:\/\/www.youtube.com\/v\/-kRP5x2MsAw&amp;hl=en&amp;fs=1&amp;rel=0&amp;color1=0x3a3a3a&amp;color2=0x999999\" \/><param name=\"allowfullscreen\" value=\"true\" \/><\/object><\/p>\n","protected":false},"excerpt":{"rendered":"<p>Eu, ca cerceta\u015f, \u00eencerc s\u0103 g\u00e2ndesc pro-mediu, dar \u00eencerc s\u0103 p\u0103strez un nivel de realism \u00een chestiile pe care \u00eencerc s\u0103 le fac pentru mediu (un exemplu, dac\u0103 eu reciclez acas\u0103 \u015fi aia la groapa de gunoi le bag\u0103 toate \u00een aceea\u015fi gr\u0103mad\u0103, e un motiv \u00een plus de nelini\u015fte pentru mine \u015fi un efort &hellip; <a href=\"https:\/\/yeti.albascout.ro\/blog\/the-big-ask\/\" class=\"more-link\">Continu\u0103 s\u0103 cite\u0219ti <span class=\"screen-reader-text\">The Big Ask<\/span><\/a><\/p>\n","protected":false},"author":1,"featured_media":0,"comment_status":"open","ping_status":"open","sticky":false,"template":"","format":"standard","meta":{"jetpack_post_was_ever_published":false,"_jetpack_newsletter_access":"","_jetpack_dont_email_post_to_subs":false,"_jetpack_newsletter_tier_id":0,"_jetpack_memberships_contains_paywalled_content":false,"_jetpack_memberships_contains_paid_content":false,"footnotes":""},"categories":[556,558,562],"tags":[665,693],"class_list":["post-160","post","type-post","status-publish","format-standard","hentry","category-cercetasi","category-gramada","category-munte","tag-mediu","tag-reciclare"],"jetpack_featured_media_url":"","jetpack_sharing_enabled":true,"_links":{"self":[{"href":"https:\/\/yeti.albascout.ro\/blog\/wp-json\/wp\/v2\/posts\/160","targetHints":{"allow":["GET"]}}],"collection":[{"href":"https:\/\/yeti.albascout.ro\/blog\/wp-json\/wp\/v2\/posts"}],"about":[{"href":"https:\/\/yeti.albascout.ro\/blog\/wp-json\/wp\/v2\/types\/post"}],"author":[{"embeddable":true,"href":"https:\/\/yeti.albascout.ro\/blog\/wp-json\/wp\/v2\/users\/1"}],"replies":[{"embeddable":true,"href":"https:\/\/yeti.albascout.ro\/blog\/wp-json\/wp\/v2\/comments?post=160"}],"version-history":[{"count":0,"href":"https:\/\/yeti.albascout.ro\/blog\/wp-json\/wp\/v2\/posts\/160\/revisions"}],"wp:attachment":[{"href":"https:\/\/yeti.albascout.ro\/blog\/wp-json\/wp\/v2\/media?parent=160"}],"wp:term":[{"taxonomy":"category","embeddable":true,"href":"https:\/\/yeti.albascout.ro\/blog\/wp-json\/wp\/v2\/categories?post=160"},{"taxonomy":"post_tag","embeddable":true,"href":"https:\/\/yeti.albascout.ro\/blog\/wp-json\/wp\/v2\/tags?post=160"}],"curies":[{"name":"wp","href":"https:\/\/api.w.org\/{rel}","templated":true}]}}