{"id":1066,"date":"2010-07-20T01:46:58","date_gmt":"2010-07-19T22:46:58","guid":{"rendered":"http:\/\/yeti.albascout.ro\/blog\/?p=1066"},"modified":"2010-07-20T01:46:58","modified_gmt":"2010-07-19T22:46:58","slug":"omu","status":"publish","type":"post","link":"https:\/\/yeti.albascout.ro\/blog\/omu\/","title":{"rendered":"Omu"},"content":{"rendered":"<p>Dup\u0103 un weekend de Bucure\u0219ti, cu Adunare General\u0103, multe pove\u0219ti \u0219i multe planuri, weekendul urm\u0103tor, pe 19 \u0219i pe 20 iunie, am fost pu\u021bin la munte, cu Miha, Tromppy \u0219i Adi Se.<\/p>\n<p>Am plecat din Bucure\u0219ti t\u00e2rzior, pentru c\u0103 eu am avut de rezolvat ceva la facultate de diminea\u021b\u0103, \u0219i ne-am reg\u0103sit cu Tromppy prin Bu\u0219teni pe la ora 2. Am aprovizionat de la pia\u021ba din Bu\u0219teni cu o bucat\u0103 considerabil\u0103 de \u0219unc\u0103 fiart\u0103 + afumat\u0103, o br\u00e2nz\u0103 serioas\u0103 \u0219i ceva legume, \u0219i jap pe jepi. Pe Jepii Mici mai concret, pe traseul care merge la Cabana Caraiman.<\/p>\n<p>A fost frumos \u0219i am mers cu to\u021bii bine, ne-am mai \u00eent\u00e2lnit \u0219i cu un cerceta\u0219 din Bu\u0219teni, cu Silviu, c\u00e2nd mai aveam 40 de minute p\u00e2n\u0103 la Caraiman. Am v\u0103zut mai multe capre negre (care \u00een perioada asta numa negre nu-s :P), dar am prins \u0219i o vreme excep\u021bional\u0103. De\u0219i era deja pe sf\u00e2r\u0219it de iunie, z\u0103pada \u00eenc\u0103 era serioas\u0103 pe vale, \u0219i am traversat pe z\u0103pad\u0103 cel pu\u021bin o dat\u0103.<\/p>\n<p>De la Caraiman, <em>dup\u0103-o<\/em> <em>scurt\u0103 clip\u0103 de r\u0103gaz (la la la)<\/em>, am continuat spre Babele \u0219i spre o ciorb\u0103 cald\u0103. Am ajuns sus pe la 6, cu obiectivul de a continua spre Omu, unde aveam rezervare. Salvamontistul care p\u0103ze\u0219te drumul c\u0103tre Omu de la Babele nu p\u0103rea foarte convins de capacit\u0103\u021bile noastre montane, \u0219i nu s-a sfiit s\u0103 ne fac\u0103 acest lucru cunoscut :)<\/p>\n<p>Aici trebuie notat c\u0103 Tromppy de c\u00e2nd am ajuns la Babele \u0219i p\u00e2n\u0103 am luat-o u\u0219urel c\u0103tre Omu <strong>a pierdut dou\u0103 pariuri<\/strong> legate de care bolovan este Sfinxul &#8230; \u00a0:P<\/p>\n<p>Drumul spre Omu a fost mult mai simplu dec\u00e2t m\u0103 a\u0219teptam, de\u0219i ne-a plouat la un moment dat inclusiv cu ghea\u021b\u0103 \u0219i \u00eencepuse s\u0103 se lase noaptea. La 10 pa\u0219i de caban\u0103 am umplut pentru siguran\u021b\u0103 toate sticlele, dar sunt convins c\u0103 apa aia are ceva mineral prin ea de nu o las\u0103 s\u0103 \u00eenghe\u021be chiar dac\u0103 \u00eei reeeece, ca t\u0103ia la m\u00e2n\u0103 ca firezu. Cu m\u00e2inile pe la tot felu de \u00eencheieturi c\u0103lduroase am ajuns la Cabana Omu, care mi s-a p\u0103rut c\u0103 are un aer foarte familial. Ne-am schimbat repede \u0219i am t\u0103b\u0103r\u00e2t pe provizii. Dup\u0103 o cin\u0103 \u00eendestul\u0103toare \u0219i udat\u0103 cu vin fiert, am mai rezistat to\u021bi \u00eenca cateva ture de <em>trombon<\/em> (suficient \u00eenc\u00e2t s\u0103 c\u00e2\u0219tige toat\u0103 lumea, chiar \u0219i Miha, care a luat b\u0103taie grav \u00een principiu :P Totu\u0219i, cred c\u0103 Adi a fost cel mai bun trombonist :P).<\/p>\n<p>Ziua s-a terminat cu Tromppy \u0219i Miha \u0219i Adi f\u0103c\u00e2nd tot soiu de bancuri \u00eentr-o camer\u0103 \u00een care erau 30 de persoane care voiau s\u0103 doarm\u0103 (eu eram ocupat s\u0103 mu\u0219c din sacul de dormit ca s\u0103 nu r\u00e2d &#8230;).<\/p>\n<p>A doua zi a fost cu mult mai nefericit\u0103, \u0219i ne-am petrecut-o de jum\u0103tate plimb\u00e2ndu-ne, la propriu, printe nori. Voiam s\u0103 ajungem la Crucea de pe Caraiman, dar nu am reu\u0219it s\u0103 dep\u0103\u0219im partea cu releul de pe Co\u0219tila, c\u0103 ne-a prins o ploaie de aia a\u0219a ca la 2000 de m, care ne-a m\u00e2nat a\u0219a, pas alerg\u0103tor, pe un traseu de \u00eentors c\u0103tre Babele. Uzi p\u00e2n\u0103 la &#8230; well, piele, refugia\u021bi la Babele, nu am putut s\u0103 nu coment\u0103m pe tema pantofilor de catifea albastr\u0103 cu v\u00e2rful \u00eendoit \u00eenapoi al unuia dintre b\u0103ie\u021bi, nici nu am \u00eencercat s\u0103 ne ab\u021binem felicit\u0103rile pentru prietena lui, care avea sandale cu toc. Nu \u0219tiu cum au urcat ei doi sc\u0103rile, dapoi mai s\u0103 vin\u0103 toat\u0103 distan\u021ba de 200 de m de la telecabin\u0103 p\u00e2n\u0103 la caban\u0103 &#8230;<\/p>\n<p>A doua parte a zilei a fost mult mai frumoas\u0103 \u0219i a f\u0103cut ca stropeala din prima parte s\u0103 merite. Am cobor\u00e2t pe la Cantonul Jepilor, de la Piatra Ars\u0103 la st\u00e2nga spre Bu\u0219teni. Am cobor\u00e2t prin ni\u0219te peisaje fenomenale, pe l\u00e2ng\u0103 cablul unei telecabine mai vechi, \u0219i la final am dat un mic ocol \u0219i am v\u0103zut \u0219i Cascada Url\u0103toarea.<\/p>\n<p>Pe undeva pe cobor\u00e2rea pe la Piatra Ars\u0103 s-a terminat \u0219i benzina, a\u0219a c\u0103 am f\u0103cut plinul la restaurantul hotelului Silva, cel pu\u021bin p\u00e2n\u0103 a venit megaploaia dup\u0103 noi :)<\/p>\n<p>Revin cu poze.<\/p>\n","protected":false},"excerpt":{"rendered":"<p>Dup\u0103 un weekend de Bucure\u0219ti, cu Adunare General\u0103, multe pove\u0219ti \u0219i multe planuri, weekendul urm\u0103tor, pe 19 \u0219i pe 20 iunie, am fost pu\u021bin la munte, cu Miha, Tromppy \u0219i Adi Se. Am plecat din Bucure\u0219ti t\u00e2rzior, pentru c\u0103 eu am avut de rezolvat ceva la facultate de diminea\u021b\u0103, \u0219i ne-am reg\u0103sit cu Tromppy prin &hellip; <a href=\"https:\/\/yeti.albascout.ro\/blog\/omu\/\" class=\"more-link\">Continu\u0103 s\u0103 cite\u0219ti <span class=\"screen-reader-text\">Omu<\/span><\/a><\/p>\n","protected":false},"author":1,"featured_media":0,"comment_status":"open","ping_status":"open","sticky":false,"template":"","format":"standard","meta":{"jetpack_post_was_ever_published":false,"_jetpack_newsletter_access":"","_jetpack_dont_email_post_to_subs":false,"_jetpack_newsletter_tier_id":0,"_jetpack_memberships_contains_paywalled_content":false,"_jetpack_memberships_contains_paid_content":false,"footnotes":""},"categories":[556,562],"tags":[579,589],"class_list":["post-1066","post","type-post","status-publish","format-standard","hentry","category-cercetasi","category-munte","tag-bucegi","tag-cercetai"],"jetpack_featured_media_url":"","jetpack_sharing_enabled":true,"_links":{"self":[{"href":"https:\/\/yeti.albascout.ro\/blog\/wp-json\/wp\/v2\/posts\/1066","targetHints":{"allow":["GET"]}}],"collection":[{"href":"https:\/\/yeti.albascout.ro\/blog\/wp-json\/wp\/v2\/posts"}],"about":[{"href":"https:\/\/yeti.albascout.ro\/blog\/wp-json\/wp\/v2\/types\/post"}],"author":[{"embeddable":true,"href":"https:\/\/yeti.albascout.ro\/blog\/wp-json\/wp\/v2\/users\/1"}],"replies":[{"embeddable":true,"href":"https:\/\/yeti.albascout.ro\/blog\/wp-json\/wp\/v2\/comments?post=1066"}],"version-history":[{"count":0,"href":"https:\/\/yeti.albascout.ro\/blog\/wp-json\/wp\/v2\/posts\/1066\/revisions"}],"wp:attachment":[{"href":"https:\/\/yeti.albascout.ro\/blog\/wp-json\/wp\/v2\/media?parent=1066"}],"wp:term":[{"taxonomy":"category","embeddable":true,"href":"https:\/\/yeti.albascout.ro\/blog\/wp-json\/wp\/v2\/categories?post=1066"},{"taxonomy":"post_tag","embeddable":true,"href":"https:\/\/yeti.albascout.ro\/blog\/wp-json\/wp\/v2\/tags?post=1066"}],"curies":[{"name":"wp","href":"https:\/\/api.w.org\/{rel}","templated":true}]}}