{"id":1064,"date":"2010-07-20T01:22:26","date_gmt":"2010-07-19T22:22:26","guid":{"rendered":"http:\/\/yeti.albascout.ro\/blog\/?p=1064"},"modified":"2010-07-20T01:22:26","modified_gmt":"2010-07-19T22:22:26","slug":"adunarea-generala-extraordinara-bucure%c8%99ti-2010","status":"publish","type":"post","link":"https:\/\/yeti.albascout.ro\/blog\/adunarea-generala-extraordinara-bucure%c8%99ti-2010\/","title":{"rendered":"Adunarea General\u0103 eXtraordinar\u0103, Bucure\u0219ti 2010"},"content":{"rendered":"<p>Vin cu ni\u0219te posturi din urm\u0103, \u00een perpetua speran\u021b\u0103 c\u0103 voi fi vreodat\u0103 la zi \u0219i c\u0103 nu o s\u0103 mai scriu doar o dat\u0103 pe lun\u0103 :) Pe 12 iunie a fost Adunarea General\u0103 eXtraordinar\u0103 a ONCR. S-au \u00eent\u00e2mplat mai multe chestii \u00een weekend-ul ala care au generat o serie de evenimente care a dus, printre altele, la absen\u021ba mea de aici pentru ultima lun\u0103.<\/p>\n<p>Pe scurt, am candidat la o pozi\u021bie \u00een Consiliul Director al ONCR. Partea asta a fost destul de u\u0219oar\u0103, am ob\u021binut acordul \u0219i sus\u021binerea oamenilor importan\u021bi din via\u021ba mea de cerceta\u0219, am completat un formular \u0219i am dat <em>send<\/em>.<\/p>\n<p>La <a href=\"http:\/\/scout.ro\/news.php?id=153\">alegeri<\/a>, Bianca (Ne\u0219iu-Bedreag) din Bucure\u0219ti a fost aleas\u0103 \u00een unanimitate de voturi ca nou pre\u0219edinte al ONCR, fiind \u0219i singurul candidat. Pentru celelalte 10 pozi\u021bii \u00een Consiliul Director am fost 8 candida\u021bi, \u0219i doar 7 dintre noi, cu mine inclusiv, am fost ale\u0219i pentru a \u00eendruma organiza\u021bia pentru urm\u0103torii trei ani. Noii mei colegi de patrul\u0103 \u00een misiunea asta sunt <a href=\"http:\/\/scout.ro\/page.php?id=23\">Bianca (de care v\u0103 ziceam mai sus), Corneliu de la Dim\u0103ncescu, Cristi Moldovan de la Cluj, S\u00e2nziana de la Suceava, Adi \u0218u de la Oradea, Cristina Nica de la AMD Bucure\u0219ti \u0219i Lucian Nedelu\u021b de la Dr\u0103g\u0103\u0219ani.<\/a><\/p>\n<p>La \u00eemp\u0103r\u021birea de sarcini din prima discu\u021bie a noului Consiliu, am primit \u00een responsabilitate direc\u021bia strategic\u0103 <em>management, <\/em>dar,<em> <\/em>din lipsa de oameni, am fost desemnat, vr\u00e2nd &#8211; nevr\u00e2nd, \u0219i vicepre\u0219edinte al ONCR. Sun\u0103 foarte ciudat, \u0219tiu, vicepre\u0219edinte. Eh, well :)<\/p>\n<p>\u00cen seara cu alegerile evident s-a l\u0103sat cu c\u00e2nt\u0103ri prin eVarz\u0103 (ba chiar \u0219i cu d\u0103n\u021buiri :O), \u0219i duminic\u0103 am tras o tur\u0103 cu bicicletele, ini\u021bial pl\u0103nuit\u0103 pentru C\u0103lug\u0103reni, dar apoi modificat\u0103 pe sightseeing tour al loca\u021biilor bike-friendly de prin capital\u0103 pentru prieteni (am f\u0103cut parcul Carol, am trecut pe la Bragadiru, pe la fabrica de bere, pe l\u00e2nga Palatul Parlamentului, pe l\u00e2ng\u0103 Poli, turul Lacului Morii \u0219i apoi, pentru cine a mai putut, Arcul de Triumf, Her\u0103str\u0103ul \u0219i c\u00e2teva aspersoare din fa\u021ba casei lui Becali).<\/p>\n<p><strong>De notat:<\/strong> am pus pariu cu Iuliana c\u0103 dup\u0103 o tur\u0103 de bicl\u0103 p\u00e2n\u0103 la C\u0103lug\u0103reni \u0219i \u00eenapoi (60 de km) \u00eentr-o zi, o s\u0103 &#8230; umble ciudat, ca s\u0103 m\u0103 exprim gentil. Am scris aici ca nu cumva s\u0103 uit(e) :)<\/p>\n","protected":false},"excerpt":{"rendered":"<p>Vin cu ni\u0219te posturi din urm\u0103, \u00een perpetua speran\u021b\u0103 c\u0103 voi fi vreodat\u0103 la zi \u0219i c\u0103 nu o s\u0103 mai scriu doar o dat\u0103 pe lun\u0103 :) Pe 12 iunie a fost Adunarea General\u0103 eXtraordinar\u0103 a ONCR. S-au \u00eent\u00e2mplat mai multe chestii \u00een weekend-ul ala care au generat o serie de evenimente care a &hellip; <a href=\"https:\/\/yeti.albascout.ro\/blog\/adunarea-generala-extraordinara-bucure%c8%99ti-2010\/\" class=\"more-link\">Continu\u0103 s\u0103 cite\u0219ti <span class=\"screen-reader-text\">Adunarea General\u0103 eXtraordinar\u0103, Bucure\u0219ti 2010<\/span><\/a><\/p>\n","protected":false},"author":1,"featured_media":0,"comment_status":"open","ping_status":"open","sticky":false,"template":"","format":"standard","meta":{"jetpack_post_was_ever_published":false,"_jetpack_newsletter_access":"","_jetpack_dont_email_post_to_subs":false,"_jetpack_newsletter_tier_id":0,"_jetpack_memberships_contains_paywalled_content":false,"_jetpack_memberships_contains_paid_content":false,"footnotes":""},"categories":[556],"tags":[573,588],"class_list":["post-1064","post","type-post","status-publish","format-standard","hentry","category-cercetasi","tag-bicicleta","tag-cd"],"jetpack_featured_media_url":"","jetpack_sharing_enabled":true,"_links":{"self":[{"href":"https:\/\/yeti.albascout.ro\/blog\/wp-json\/wp\/v2\/posts\/1064","targetHints":{"allow":["GET"]}}],"collection":[{"href":"https:\/\/yeti.albascout.ro\/blog\/wp-json\/wp\/v2\/posts"}],"about":[{"href":"https:\/\/yeti.albascout.ro\/blog\/wp-json\/wp\/v2\/types\/post"}],"author":[{"embeddable":true,"href":"https:\/\/yeti.albascout.ro\/blog\/wp-json\/wp\/v2\/users\/1"}],"replies":[{"embeddable":true,"href":"https:\/\/yeti.albascout.ro\/blog\/wp-json\/wp\/v2\/comments?post=1064"}],"version-history":[{"count":0,"href":"https:\/\/yeti.albascout.ro\/blog\/wp-json\/wp\/v2\/posts\/1064\/revisions"}],"wp:attachment":[{"href":"https:\/\/yeti.albascout.ro\/blog\/wp-json\/wp\/v2\/media?parent=1064"}],"wp:term":[{"taxonomy":"category","embeddable":true,"href":"https:\/\/yeti.albascout.ro\/blog\/wp-json\/wp\/v2\/categories?post=1064"},{"taxonomy":"post_tag","embeddable":true,"href":"https:\/\/yeti.albascout.ro\/blog\/wp-json\/wp\/v2\/tags?post=1064"}],"curies":[{"name":"wp","href":"https:\/\/api.w.org\/{rel}","templated":true}]}}